{"id":8983,"date":"2026-03-16T12:49:32","date_gmt":"2026-03-16T12:49:32","guid":{"rendered":"https:\/\/onelegal.pt\/?p=8983"},"modified":"2026-03-16T12:51:04","modified_gmt":"2026-03-16T12:51:04","slug":"diretrizes-europeias-sobre-ia-generativa-nos-tribunais-o-que-muda-e-porque-importa-para-a-pratica-forense","status":"publish","type":"post","link":"https:\/\/onelegal.pt\/pt-pt\/blog-pt-pt\/diretrizes-europeias-sobre-ia-generativa-nos-tribunais-o-que-muda-e-porque-importa-para-a-pratica-forense\/","title":{"rendered":"Diretrizes europeias sobre IA generativa nos tribunais \u2013 o que muda e porque importa para a pr\u00e1tica forense"},"content":{"rendered":"\t\t<div data-elementor-type=\"wp-post\" data-elementor-id=\"8983\" class=\"elementor elementor-8983\" data-elementor-post-type=\"post\">\n\t\t\t\t\t\t<section class=\"elementor-section elementor-top-section elementor-element elementor-element-50804ee elementor-section-boxed elementor-section-height-default elementor-section-height-default\" data-id=\"50804ee\" data-element_type=\"section\">\n\t\t\t\t\t\t<div class=\"elementor-container elementor-column-gap-default\">\n\t\t\t\t\t<div class=\"elementor-column elementor-col-100 elementor-top-column elementor-element elementor-element-d9f8f5e\" data-id=\"d9f8f5e\" data-element_type=\"column\">\n\t\t\t<div class=\"elementor-widget-wrap elementor-element-populated\">\n\t\t\t\t\t\t<div class=\"elementor-element elementor-element-1764073 bt-links esq elementor-widget elementor-widget-button\" data-id=\"1764073\" data-element_type=\"widget\" data-widget_type=\"button.default\">\n\t\t\t\t<div class=\"elementor-widget-container\">\n\t\t\t\t\t<div class=\"elementor-button-wrapper\">\n\t\t\t<a class=\"elementor-button elementor-button-link elementor-size-md\" href=\"https:\/\/onelegal.pt\/blog\/\">\n\t\t\t\t\t\t<span class=\"elementor-button-content-wrapper\">\n\t\t\t\t\t\t\t\t\t<span class=\"elementor-button-text\"><div class=\"ic-arrow\"><\/div>Other Posts<\/span>\n\t\t\t\t\t<\/span>\n\t\t\t\t\t<\/a>\n\t\t<\/div>\n\t\t\t\t<\/div>\n\t\t\t\t<\/div>\n\t\t\t\t<div class=\"elementor-element elementor-element-516be33 videofoto elementor-skin-carousel elementor-widget elementor-widget-media-carousel\" data-id=\"516be33\" data-element_type=\"widget\" data-settings=\"{&quot;slides_per_view&quot;:&quot;1&quot;,&quot;skin&quot;:&quot;carousel&quot;,&quot;effect&quot;:&quot;slide&quot;,&quot;speed&quot;:500,&quot;autoplay&quot;:&quot;yes&quot;,&quot;autoplay_speed&quot;:5000,&quot;loop&quot;:&quot;yes&quot;,&quot;pause_on_hover&quot;:&quot;yes&quot;,&quot;pause_on_interaction&quot;:&quot;yes&quot;,&quot;space_between&quot;:{&quot;unit&quot;:&quot;px&quot;,&quot;size&quot;:10,&quot;sizes&quot;:[]},&quot;space_between_tablet&quot;:{&quot;unit&quot;:&quot;px&quot;,&quot;size&quot;:10,&quot;sizes&quot;:[]},&quot;space_between_mobile&quot;:{&quot;unit&quot;:&quot;px&quot;,&quot;size&quot;:10,&quot;sizes&quot;:[]}}\" data-widget_type=\"media-carousel.default\">\n\t\t\t\t<div class=\"elementor-widget-container\">\n\t\t\t<link rel=\"stylesheet\" href=\"https:\/\/onelegal.pt\/wp-content\/plugins\/pro-elements\/assets\/css\/widget-carousel.min.css\">\t\t<div class=\"elementor-swiper\">\n\t\t\t<div class=\"elementor-main-swiper swiper\">\n\t\t\t\t<div class=\"swiper-wrapper\">\n\t\t\t\t\t\t\t\t\t\t\t<div class=\"swiper-slide\">\n\t\t\t\t\t\t\t<a href=\"https:\/\/onelegal.pt\/wp-content\/uploads\/2026\/03\/Blog-2026-03-16-PT.png\" data-elementor-open-lightbox=\"yes\" data-elementor-lightbox-slideshow=\"516be33\" data-elementor-lightbox-title=\"Blog 2026 03 16 PT\" data-e-action-hash=\"#elementor-action%3Aaction%3Dlightbox%26settings%3DeyJpZCI6ODk4NywidXJsIjoiaHR0cHM6XC9cL29uZWxlZ2FsLnB0XC93cC1jb250ZW50XC91cGxvYWRzXC8yMDI2XC8wM1wvQmxvZy0yMDI2LTAzLTE2LVBULnBuZyIsInNsaWRlc2hvdyI6IjUxNmJlMzMifQ%3D%3D\" data-elementor-lightbox-video=\"\">\t\t<div class=\"elementor-carousel-image\" role=\"img\" aria-label=\"Blog 2026 03 16 PT\" style=\"background-image: url(&#039;https:\/\/onelegal.pt\/wp-content\/uploads\/2026\/03\/Blog-2026-03-16-PT.png&#039;)\">\n\n\t\t\t\n\t\t\t\t\t\t\t<div class=\"elementor-custom-embed-play\">\n\t\t\t\t\t<i aria-hidden=\"true\" class=\"eicon-play\"><\/i>\t\t\t\t\t<span class=\"elementor-screen-only\">Play<\/span>\n\t\t\t\t<\/div>\n\t\t\t\t\t<\/div>\n\t\t<\/a>\t\t\t\t\t\t<\/div>\n\t\t\t\t\t\t\t\t\t<\/div>\n\t\t\t\t\t\t\t<\/div>\n\t\t<\/div>\n\t\t\t\t<\/div>\n\t\t\t\t<\/div>\n\t\t\t\t\t<\/div>\n\t\t<\/div>\n\t\t\t\t\t<\/div>\n\t\t<\/section>\n\t\t\t\t<section class=\"elementor-section elementor-top-section elementor-element elementor-element-5781a55 elementor-section-boxed elementor-section-height-default elementor-section-height-default\" data-id=\"5781a55\" data-element_type=\"section\">\n\t\t\t\t\t\t<div class=\"elementor-container elementor-column-gap-default\">\n\t\t\t\t\t<div class=\"elementor-column elementor-col-100 elementor-top-column elementor-element elementor-element-b13b9ed\" data-id=\"b13b9ed\" data-element_type=\"column\">\n\t\t\t<div class=\"elementor-widget-wrap elementor-element-populated\">\n\t\t\t\t\t\t<div class=\"elementor-element elementor-element-5b02df7 elementor-widget elementor-widget-heading\" data-id=\"5b02df7\" data-element_type=\"widget\" data-widget_type=\"heading.default\">\n\t\t\t\t<div class=\"elementor-widget-container\">\n\t\t\t<style>\/*! elementor - v3.23.0 - 15-07-2024 *\/\n.elementor-heading-title{padding:0;margin:0;line-height:1}.elementor-widget-heading .elementor-heading-title[class*=elementor-size-]>a{color:inherit;font-size:inherit;line-height:inherit}.elementor-widget-heading .elementor-heading-title.elementor-size-small{font-size:15px}.elementor-widget-heading .elementor-heading-title.elementor-size-medium{font-size:19px}.elementor-widget-heading .elementor-heading-title.elementor-size-large{font-size:29px}.elementor-widget-heading .elementor-heading-title.elementor-size-xl{font-size:39px}.elementor-widget-heading .elementor-heading-title.elementor-size-xxl{font-size:59px}<\/style><h3 class=\"elementor-heading-title elementor-size-default\">16\/03\/2026<\/h3>\t\t<\/div>\n\t\t\t\t<\/div>\n\t\t\t\t<div class=\"elementor-element elementor-element-2e4e4d8 elementor-widget elementor-widget-heading\" data-id=\"2e4e4d8\" data-element_type=\"widget\" data-widget_type=\"heading.default\">\n\t\t\t\t<div class=\"elementor-widget-container\">\n\t\t\t<h2 class=\"elementor-heading-title elementor-size-default\">Diretrizes europeias sobre IA generativa nos tribunais \u2013 o que muda e porque importa para a pr\u00e1tica forense<\/h2>\t\t<\/div>\n\t\t\t\t<\/div>\n\t\t\t\t<div class=\"elementor-element elementor-element-b17eebf elementor-author-box--align-left elementor-author-box--image-valign-middle elementor-author-box--layout-image-left elementor-author-box--avatar-yes elementor-author-box--name-yes elementor-author-box--biography-yes elementor-author-box--link-no elementor-widget elementor-widget-author-box\" data-id=\"b17eebf\" data-element_type=\"widget\" data-widget_type=\"author-box.default\">\n\t\t\t\t<div class=\"elementor-widget-container\">\n\t\t\t<link rel=\"stylesheet\" href=\"https:\/\/onelegal.pt\/wp-content\/plugins\/pro-elements\/assets\/css\/widget-theme-elements.min.css\">\t\t<div class=\"elementor-author-box\">\n\t\t\t\t\t\t\t<div  class=\"elementor-author-box__avatar\">\n\t\t\t\t\t<img decoding=\"async\" src=\"https:\/\/onelegal.pt\/wp-content\/uploads\/2022\/02\/cropped-onelegal-onepeople-teresa-boino-2-300x300.jpg\" alt=\"Picture of Teresa Boino\" loading=\"lazy\">\n\t\t\t\t<\/div>\n\t\t\t\n\t\t\t<div class=\"elementor-author-box__text\">\n\t\t\t\t\t\t\t\t\t<div >\n\t\t\t\t\t\t<span class=\"elementor-author-box__name\">\n\t\t\t\t\t\t\tTeresa Boino\t\t\t\t\t\t<\/span>\n\t\t\t\t\t<\/div>\n\t\t\t\t\n\t\t\t\t\t\t\t\t\t<div class=\"elementor-author-box__bio\">\n\t\t\t\t\t\t\t\t\t\t\t<\/div>\n\t\t\t\t\n\t\t\t\t\t\t\t<\/div>\n\t\t<\/div>\n\t\t\t\t<\/div>\n\t\t\t\t<\/div>\n\t\t\t\t<div class=\"elementor-element elementor-element-181dd8d elementor-widget elementor-widget-text-editor\" data-id=\"181dd8d\" data-element_type=\"widget\" data-widget_type=\"text-editor.default\">\n\t\t\t\t<div class=\"elementor-widget-container\">\n\t\t\t<style>\/*! elementor - v3.23.0 - 15-07-2024 *\/\n.elementor-widget-text-editor.elementor-drop-cap-view-stacked .elementor-drop-cap{background-color:#69727d;color:#fff}.elementor-widget-text-editor.elementor-drop-cap-view-framed .elementor-drop-cap{color:#69727d;border:3px solid;background-color:transparent}.elementor-widget-text-editor:not(.elementor-drop-cap-view-default) .elementor-drop-cap{margin-top:8px}.elementor-widget-text-editor:not(.elementor-drop-cap-view-default) .elementor-drop-cap-letter{width:1em;height:1em}.elementor-widget-text-editor .elementor-drop-cap{float:left;text-align:center;line-height:1;font-size:50px}.elementor-widget-text-editor .elementor-drop-cap-letter{display:inline-block}<\/style>\t\t\t\t<p>A Comiss\u00e3o Europeia para a Efici\u00eancia da Justi\u00e7a (CEPEJ), do Conselho da Europa, adotou em dezembro de 2025 um conjunto de Diretrizes sobre a utiliza\u00e7\u00e3o de IA generativa nos tribunais. A Dire\u00e7\u00e3o-Geral da Pol\u00edtica de Justi\u00e7a (DGPJ) traduziu agora integralmente o documento para portugu\u00eas, disponibilizando-o ao setor da justi\u00e7a nacional.<br \/>As diretrizes s\u00e3o um roteiro pr\u00e1tico para tribunais e demais equipamentos da administra\u00e7\u00e3o da justi\u00e7a.<\/p><p><strong>Garantias judiciais<\/strong><\/p><p>O documento \u00e9 claro: o exerc\u00edcio da fun\u00e7\u00e3o jurisdicional pertence apenas aos ju\u00edzes. Sistemas de IA generativa n\u00e3o podem decidir; apenas podem apoiar tarefas preparat\u00f3rias.<br \/>Qualquer automatiza\u00e7\u00e3o tem de garantir sempre o direito de acesso a um tribunal e a um juiz humano. \u00c9 vedada a substitui\u00e7\u00e3o silenciosa de decis\u00f5es judiciais por sistemas algor\u00edtmicos. Resultados produzidos pela IA generativa n\u00e3o t\u00eam valor vinculativo, nem devem criar press\u00e3o para que o juiz os siga.<br \/>Al\u00e9m disso, deve ficar claramente documentado quando a IA generativa \u00e9 utilizada em qualquer aspeto da tomada de decis\u00e3o judicial.<br \/>Tamb\u00e9m \u00e9 exigida a pseudonimiza\u00e7\u00e3o dos dados e proibi\u00e7\u00e3o de reutiliza\u00e7\u00e3o dos dados judiciais para treino de modelos sem autoriza\u00e7\u00e3o expressa.<\/p><p><strong>\u00c1reas adequadas para a utiliza\u00e7\u00e3o de IA<\/strong><\/p><p>As diretrizes apontam v\u00e1rias \u00e1reas adequadas de utiliza\u00e7\u00e3o da IA, sobretudo de baixo risco, desde que com supervis\u00e3o humana.<br \/>Na gest\u00e3o documental e tratamento de informa\u00e7\u00e3o, o documento refere usos para a IA, como o resumo de documentos, elabora\u00e7\u00e3o de \u00edndices, extra\u00e7\u00e3o de dados relevantes para minutas e modelos, bem como a transcri\u00e7\u00e3o e gera\u00e7\u00e3o de atas de audi\u00eancias.<br \/>Nos servi\u00e7os de informa\u00e7\u00e3o ao p\u00fablico, a IA generativa pode permitir a cria\u00e7\u00e3o de chatbots especializados para orienta\u00e7\u00e3o procedimental em linguagem clara e ferramentas de tradu\u00e7\u00e3o para linguagem simples, aumentando a acessibilidade das decis\u00f5es.<br \/>No apoio \u00e0 reda\u00e7\u00e3o de atos judiciais, pode ser usada para minutas padronizadas de despachos de mero expediente ou decis\u00f5es rotineiras, verifica\u00e7\u00e3o de consist\u00eancia interna de decis\u00f5es e liga\u00e7\u00e3o entre articulados, sempre com verifica\u00e7\u00e3o judicial obrigat\u00f3ria.<br \/>Para secretarias e gabinetes de apoio, antev\u00ea-se redu\u00e7\u00e3o de trabalho repetitivo e melhoria da gest\u00e3o de informa\u00e7\u00e3o. <br \/>Para magistrados, a IA pode tornar-se uma ferramenta de apoio \u00e0 pesquisa e estrutura\u00e7\u00e3o de decis\u00f5es, mas nunca substituindo a an\u00e1lise jur\u00eddica.<\/p><p><strong>Aplica\u00e7\u00f5es inadequadas e limites \u00e9ticos<\/strong><\/p><p>Identificam-se tamb\u00e9m aplica\u00e7\u00f5es inadequadas da IA e zonas de risco, como sistemas proibidos ao abrigo do Regulamento Europeu da IA, nomeadamente de classifica\u00e7\u00e3o social, avalia\u00e7\u00e3o de risco para preven\u00e7\u00e3o de crimes ou infer\u00eancia de emo\u00e7\u00f5es.<br \/>Sistemas de alto risco na justi\u00e7a, que auxiliam a interpreta\u00e7\u00e3o de factos e direito e aplica\u00e7\u00e3o ao caso concreto, s\u00f3 s\u00e3o admiss\u00edveis com requisitos muito estritos. A IA n\u00e3o deve substituir a aprecia\u00e7\u00e3o da prova em julgamento, nem ser usada para an\u00e1lise de constitucionalidade ou conformidade com tratados internacionais, interpreta\u00e7\u00e3o evolutiva de normas recentes n\u00e3o integradas no treino do modelo, ou casos que envolvam priva\u00e7\u00e3o da liberdade, menores ou pessoas vulner\u00e1veis.<br \/>Ferramentas que atribuem pontua\u00e7\u00f5es de risco ou sugerem decis\u00f5es em mat\u00e9ria penal ou de direitos fundamentais s\u00e3o frontalmente incompat\u00edveis com as diretrizes. Advogados e magistrados devem ser extremamente cautelosos com sistemas que prometem prever senten\u00e7as ou probabilidades de \u00eaxito.<\/p><p><strong>Soberania tecnol\u00f3gica e prote\u00e7\u00e3o de dados<\/strong><\/p><p>Tribunais e administra\u00e7\u00e3o da justi\u00e7a ter\u00e3o de investir em plataformas pr\u00f3prias de IA generativa, seguras e audit\u00e1veis. Advogados e sociedades s\u00e3o fortemente desincentivados de usar ferramentas abertas com dados sens\u00edveis de clientes, sob pena de risco s\u00e9rio de viola\u00e7\u00e3o de deveres de sigilo e prote\u00e7\u00e3o de dados.<\/p><p><strong>Deveres e responsabilidades das partes<\/strong><\/p><p>Relativamente \u00e0 utiliza\u00e7\u00e3o de IA generativa por advogados e litigantes, as diretrizes admitem a possibilidade de impor a obriga\u00e7\u00e3o de declarar quando se recorreu a sistemas de IA na prepara\u00e7\u00e3o de documentos jur\u00eddicos, na investiga\u00e7\u00e3o do processo ou na recolha de prova. Est\u00e3o previstas san\u00e7\u00f5es processuais em caso de omiss\u00e3o dessa declara\u00e7\u00e3o ou de depend\u00eancia excessiva de conte\u00fados gerados por IA sem a devida verifica\u00e7\u00e3o. Identificam-se condutas graves como a apresenta\u00e7\u00e3o de prova fabricada, cita\u00e7\u00f5es jur\u00eddicas inexistentes ou conte\u00fados gerados por IA que n\u00e3o tenham sido devidamente revistos, bem como tentativas de manipula\u00e7\u00e3o de sistemas de IA atrav\u00e9s de instru\u00e7\u00f5es ocultas em documentos ou a utiliza\u00e7\u00e3o de IA para criar v\u00eddeos ou provas gr\u00e1ficas fraudulentas.<br \/>Para a advocacia, cresce o risco de responsabilidade disciplinar e processual quando se utilizam ferramentas de IA sem valida\u00e7\u00e3o adequada, tornando-se recomend\u00e1vel a ado\u00e7\u00e3o de pol\u00edticas internas sobre uso de IA e procedimentos para confirmar jurisprud\u00eancia e normas mencionadas pela tecnologia.<\/p><p><strong>Forma\u00e7\u00e3o e responsabilidade do Estado<\/strong><\/p><p>A implementa\u00e7\u00e3o exige a sensibiliza\u00e7\u00e3o e forma\u00e7\u00e3o dos utilizadores. Ju\u00edzes, magistrados do Minist\u00e9rio P\u00fablico e funcion\u00e1rios judiciais devem receber forma\u00e7\u00e3o adequada para compreender, gerir e avaliar criticamente as ferramentas dispon\u00edveis, evitando a confian\u00e7a excessiva na exatid\u00e3o dos sistemas. A literacia em IA passar\u00e1 a ser uma compet\u00eancia profissional essencial para quem trabalha na justi\u00e7a.<br \/>Tamb\u00e9m refere o documento que \u201cO Estado deve assumir a responsabilidade por quaisquer danos causados por erros judiciais ou falhas dos sistemas de IA generativa, em conformidade com os princ\u00edpios existentes da responsabilidade do Estado. Nem a autonomia nem a complexidade tecnol\u00f3gica da IA generativa devem ser invocadas para isentar o Estado do seu dever de repara\u00e7\u00e3o\u201d.<\/p><p><strong>Implementa\u00e7\u00e3o Gradual<\/strong><\/p><p>A estrat\u00e9gia proposta defende uma abordagem por fases, come\u00e7ando por fun\u00e7\u00f5es administrativas simples e progredindo para tarefas anal\u00edticas mais complexas apenas ap\u00f3s avalia\u00e7\u00f5es de impacto positivas e testes-piloto. Ser\u00e1 assim, de implementa\u00e7\u00e3o gradual.<\/p>\t\t\t\t\t\t<\/div>\n\t\t\t\t<\/div>\n\t\t\t\t<div class=\"elementor-element elementor-element-b231f4c elementor-widget elementor-widget-heading\" data-id=\"b231f4c\" data-element_type=\"widget\" data-widget_type=\"heading.default\">\n\t\t\t\t<div class=\"elementor-widget-container\">\n\t\t\t<h3 class=\"elementor-heading-title elementor-size-default\">SHARE<\/h3>\t\t<\/div>\n\t\t\t\t<\/div>\n\t\t\t\t<div class=\"elementor-element elementor-element-a8440de elementor-share-buttons--view-icon elementor-share-buttons--skin-minimal elementor-share-buttons--shape-circle elementor-share-buttons--color-custom elementor-grid-0 elementor-widget elementor-widget-share-buttons\" data-id=\"a8440de\" data-element_type=\"widget\" data-widget_type=\"share-buttons.default\">\n\t\t\t\t<div class=\"elementor-widget-container\">\n\t\t\t<link rel=\"stylesheet\" href=\"https:\/\/onelegal.pt\/wp-content\/plugins\/pro-elements\/assets\/css\/widget-share-buttons.min.css\">\t\t<div class=\"elementor-grid\">\n\t\t\t\t\t\t\t\t<div class=\"elementor-grid-item\">\n\t\t\t\t\t\t<div\n\t\t\t\t\t\t\tclass=\"elementor-share-btn elementor-share-btn_facebook\"\n\t\t\t\t\t\t\trole=\"button\"\n\t\t\t\t\t\t\ttabindex=\"0\"\n\t\t\t\t\t\t\taria-label=\"Share on facebook\"\n\t\t\t\t\t\t>\n\t\t\t\t\t\t\t\t\t\t\t\t\t\t\t<span class=\"elementor-share-btn__icon\">\n\t\t\t\t\t\t\t\t<i class=\"fab fa-facebook\" aria-hidden=\"true\"><\/i>\t\t\t\t\t\t\t<\/span>\n\t\t\t\t\t\t\t\t\t\t\t\t\t\t\t\t\t\t\t\t<\/div>\n\t\t\t\t\t<\/div>\n\t\t\t\t\t\t\t\t\t<div class=\"elementor-grid-item\">\n\t\t\t\t\t\t<div\n\t\t\t\t\t\t\tclass=\"elementor-share-btn elementor-share-btn_twitter\"\n\t\t\t\t\t\t\trole=\"button\"\n\t\t\t\t\t\t\ttabindex=\"0\"\n\t\t\t\t\t\t\taria-label=\"Share on twitter\"\n\t\t\t\t\t\t>\n\t\t\t\t\t\t\t\t\t\t\t\t\t\t\t<span class=\"elementor-share-btn__icon\">\n\t\t\t\t\t\t\t\t<i class=\"fab fa-twitter\" aria-hidden=\"true\"><\/i>\t\t\t\t\t\t\t<\/span>\n\t\t\t\t\t\t\t\t\t\t\t\t\t\t\t\t\t\t\t\t<\/div>\n\t\t\t\t\t<\/div>\n\t\t\t\t\t\t\t\t\t<div class=\"elementor-grid-item\">\n\t\t\t\t\t\t<div\n\t\t\t\t\t\t\tclass=\"elementor-share-btn elementor-share-btn_linkedin\"\n\t\t\t\t\t\t\trole=\"button\"\n\t\t\t\t\t\t\ttabindex=\"0\"\n\t\t\t\t\t\t\taria-label=\"Share on linkedin\"\n\t\t\t\t\t\t>\n\t\t\t\t\t\t\t\t\t\t\t\t\t\t\t<span class=\"elementor-share-btn__icon\">\n\t\t\t\t\t\t\t\t<i class=\"fab fa-linkedin\" aria-hidden=\"true\"><\/i>\t\t\t\t\t\t\t<\/span>\n\t\t\t\t\t\t\t\t\t\t\t\t\t\t\t\t\t\t\t\t<\/div>\n\t\t\t\t\t<\/div>\n\t\t\t\t\t\t\t\t\t<div class=\"elementor-grid-item\">\n\t\t\t\t\t\t<div\n\t\t\t\t\t\t\tclass=\"elementor-share-btn elementor-share-btn_whatsapp\"\n\t\t\t\t\t\t\trole=\"button\"\n\t\t\t\t\t\t\ttabindex=\"0\"\n\t\t\t\t\t\t\taria-label=\"Share on whatsapp\"\n\t\t\t\t\t\t>\n\t\t\t\t\t\t\t\t\t\t\t\t\t\t\t<span class=\"elementor-share-btn__icon\">\n\t\t\t\t\t\t\t\t<i class=\"fab fa-whatsapp\" aria-hidden=\"true\"><\/i>\t\t\t\t\t\t\t<\/span>\n\t\t\t\t\t\t\t\t\t\t\t\t\t\t\t\t\t\t\t\t<\/div>\n\t\t\t\t\t<\/div>\n\t\t\t\t\t\t<\/div>\n\t\t\t\t<\/div>\n\t\t\t\t<\/div>\n\t\t\t\t\t<\/div>\n\t\t<\/div>\n\t\t\t\t\t<\/div>\n\t\t<\/section>\n\t\t\t\t<\/div>\n\t\t","protected":false},"excerpt":{"rendered":"<p>Other Posts Play A Comiss\u00e3o Europeia para a Efici\u00eancia da Justi\u00e7a (CEPEJ), do Conselho da Europa, adotou em dezembro de 2025 um conjunto de Diretrizes sobre a utiliza\u00e7\u00e3o de IA generativa nos tribunais. A Dire\u00e7\u00e3o-Geral da Pol\u00edtica de Justi\u00e7a (DGPJ) traduziu agora integralmente o documento para portugu\u00eas, disponibilizando-o ao setor da justi\u00e7a nacional.As diretrizes s\u00e3o [&hellip;]<\/p>\n","protected":false},"author":4,"featured_media":8985,"comment_status":"open","ping_status":"closed","sticky":false,"template":"elementor_header_footer","format":"standard","meta":{"footnotes":""},"categories":[39,67],"tags":[],"class_list":["post-8983","post","type-post","status-publish","format-standard","has-post-thumbnail","hentry","category-blog-pt-pt","category-novidades"],"yoast_head":"<!-- This site is optimized with the Yoast SEO plugin v23.0 - https:\/\/yoast.com\/wordpress\/plugins\/seo\/ -->\n<title>Diretrizes europeias sobre IA generativa nos tribunais \u2013 o que muda e porque importa para a pr\u00e1tica forense - OneLegal<\/title>\n<meta name=\"robots\" content=\"index, follow, max-snippet:-1, max-image-preview:large, max-video-preview:-1\" \/>\n<link rel=\"canonical\" href=\"https:\/\/onelegal.pt\/pt-pt\/blog-pt-pt\/diretrizes-europeias-sobre-ia-generativa-nos-tribunais-o-que-muda-e-porque-importa-para-a-pratica-forense\/\" \/>\n<meta property=\"og:locale\" content=\"pt_PT\" \/>\n<meta property=\"og:type\" content=\"article\" \/>\n<meta property=\"og:title\" content=\"Diretrizes europeias sobre IA generativa nos tribunais \u2013 o que muda e porque importa para a pr\u00e1tica forense - OneLegal\" \/>\n<meta property=\"og:description\" content=\"Other Posts Play A Comiss\u00e3o Europeia para a Efici\u00eancia da Justi\u00e7a (CEPEJ), do Conselho da Europa, adotou em dezembro de 2025 um conjunto de Diretrizes sobre a utiliza\u00e7\u00e3o de IA generativa nos tribunais. A Dire\u00e7\u00e3o-Geral da Pol\u00edtica de Justi\u00e7a (DGPJ) traduziu agora integralmente o documento para portugu\u00eas, disponibilizando-o ao setor da justi\u00e7a nacional.As diretrizes s\u00e3o [&hellip;]\" \/>\n<meta property=\"og:url\" content=\"https:\/\/onelegal.pt\/pt-pt\/blog-pt-pt\/diretrizes-europeias-sobre-ia-generativa-nos-tribunais-o-que-muda-e-porque-importa-para-a-pratica-forense\/\" \/>\n<meta property=\"og:site_name\" content=\"OneLegal\" \/>\n<meta property=\"article:publisher\" content=\"https:\/\/www.facebook.com\/onelegal.oficial\" \/>\n<meta property=\"article:published_time\" content=\"2026-03-16T12:49:32+00:00\" \/>\n<meta property=\"article:modified_time\" content=\"2026-03-16T12:51:04+00:00\" \/>\n<meta property=\"og:image\" content=\"https:\/\/onelegal.pt\/wp-content\/uploads\/2026\/03\/Blog-2026-03-16-PT-Min.png\" \/>\n\t<meta property=\"og:image:width\" content=\"668\" \/>\n\t<meta property=\"og:image:height\" content=\"278\" \/>\n\t<meta property=\"og:image:type\" content=\"image\/png\" \/>\n<meta name=\"author\" content=\"Teresa Boino\" \/>\n<meta name=\"twitter:card\" content=\"summary_large_image\" \/>\n<meta name=\"twitter:label1\" content=\"Escrito por\" \/>\n\t<meta name=\"twitter:data1\" content=\"Teresa Boino\" \/>\n\t<meta name=\"twitter:label2\" content=\"Tempo estimado de leitura\" \/>\n\t<meta name=\"twitter:data2\" content=\"5 minutos\" \/>\n<script type=\"application\/ld+json\" class=\"yoast-schema-graph\">{\"@context\":\"https:\/\/schema.org\",\"@graph\":[{\"@type\":\"Article\",\"@id\":\"https:\/\/onelegal.pt\/pt-pt\/blog-pt-pt\/diretrizes-europeias-sobre-ia-generativa-nos-tribunais-o-que-muda-e-porque-importa-para-a-pratica-forense\/#article\",\"isPartOf\":{\"@id\":\"https:\/\/onelegal.pt\/pt-pt\/blog-pt-pt\/diretrizes-europeias-sobre-ia-generativa-nos-tribunais-o-que-muda-e-porque-importa-para-a-pratica-forense\/\"},\"author\":{\"name\":\"Teresa Boino\",\"@id\":\"https:\/\/onelegal.pt\/pt-pt\/#\/schema\/person\/320c1fdcef9b2492b21dabaf7ff17967\"},\"headline\":\"Diretrizes europeias sobre IA generativa nos tribunais \u2013 o que muda e porque importa para a pr\u00e1tica forense\",\"datePublished\":\"2026-03-16T12:49:32+00:00\",\"dateModified\":\"2026-03-16T12:51:04+00:00\",\"mainEntityOfPage\":{\"@id\":\"https:\/\/onelegal.pt\/pt-pt\/blog-pt-pt\/diretrizes-europeias-sobre-ia-generativa-nos-tribunais-o-que-muda-e-porque-importa-para-a-pratica-forense\/\"},\"wordCount\":1043,\"commentCount\":0,\"publisher\":{\"@id\":\"https:\/\/onelegal.pt\/pt-pt\/#organization\"},\"image\":{\"@id\":\"https:\/\/onelegal.pt\/pt-pt\/blog-pt-pt\/diretrizes-europeias-sobre-ia-generativa-nos-tribunais-o-que-muda-e-porque-importa-para-a-pratica-forense\/#primaryimage\"},\"thumbnailUrl\":\"https:\/\/onelegal.pt\/wp-content\/uploads\/2026\/03\/Blog-2026-03-16-PT-Min.png\",\"articleSection\":[\"Blog\",\"Novidades\"],\"inLanguage\":\"pt-PT\",\"potentialAction\":[{\"@type\":\"CommentAction\",\"name\":\"Comment\",\"target\":[\"https:\/\/onelegal.pt\/pt-pt\/blog-pt-pt\/diretrizes-europeias-sobre-ia-generativa-nos-tribunais-o-que-muda-e-porque-importa-para-a-pratica-forense\/#respond\"]}]},{\"@type\":\"WebPage\",\"@id\":\"https:\/\/onelegal.pt\/pt-pt\/blog-pt-pt\/diretrizes-europeias-sobre-ia-generativa-nos-tribunais-o-que-muda-e-porque-importa-para-a-pratica-forense\/\",\"url\":\"https:\/\/onelegal.pt\/pt-pt\/blog-pt-pt\/diretrizes-europeias-sobre-ia-generativa-nos-tribunais-o-que-muda-e-porque-importa-para-a-pratica-forense\/\",\"name\":\"Diretrizes europeias sobre IA generativa nos tribunais \u2013 o que muda e porque importa para a pr\u00e1tica forense - OneLegal\",\"isPartOf\":{\"@id\":\"https:\/\/onelegal.pt\/pt-pt\/#website\"},\"primaryImageOfPage\":{\"@id\":\"https:\/\/onelegal.pt\/pt-pt\/blog-pt-pt\/diretrizes-europeias-sobre-ia-generativa-nos-tribunais-o-que-muda-e-porque-importa-para-a-pratica-forense\/#primaryimage\"},\"image\":{\"@id\":\"https:\/\/onelegal.pt\/pt-pt\/blog-pt-pt\/diretrizes-europeias-sobre-ia-generativa-nos-tribunais-o-que-muda-e-porque-importa-para-a-pratica-forense\/#primaryimage\"},\"thumbnailUrl\":\"https:\/\/onelegal.pt\/wp-content\/uploads\/2026\/03\/Blog-2026-03-16-PT-Min.png\",\"datePublished\":\"2026-03-16T12:49:32+00:00\",\"dateModified\":\"2026-03-16T12:51:04+00:00\",\"breadcrumb\":{\"@id\":\"https:\/\/onelegal.pt\/pt-pt\/blog-pt-pt\/diretrizes-europeias-sobre-ia-generativa-nos-tribunais-o-que-muda-e-porque-importa-para-a-pratica-forense\/#breadcrumb\"},\"inLanguage\":\"pt-PT\",\"potentialAction\":[{\"@type\":\"ReadAction\",\"target\":[\"https:\/\/onelegal.pt\/pt-pt\/blog-pt-pt\/diretrizes-europeias-sobre-ia-generativa-nos-tribunais-o-que-muda-e-porque-importa-para-a-pratica-forense\/\"]}]},{\"@type\":\"ImageObject\",\"inLanguage\":\"pt-PT\",\"@id\":\"https:\/\/onelegal.pt\/pt-pt\/blog-pt-pt\/diretrizes-europeias-sobre-ia-generativa-nos-tribunais-o-que-muda-e-porque-importa-para-a-pratica-forense\/#primaryimage\",\"url\":\"https:\/\/onelegal.pt\/wp-content\/uploads\/2026\/03\/Blog-2026-03-16-PT-Min.png\",\"contentUrl\":\"https:\/\/onelegal.pt\/wp-content\/uploads\/2026\/03\/Blog-2026-03-16-PT-Min.png\",\"width\":668,\"height\":278},{\"@type\":\"BreadcrumbList\",\"@id\":\"https:\/\/onelegal.pt\/pt-pt\/blog-pt-pt\/diretrizes-europeias-sobre-ia-generativa-nos-tribunais-o-que-muda-e-porque-importa-para-a-pratica-forense\/#breadcrumb\",\"itemListElement\":[{\"@type\":\"ListItem\",\"position\":1,\"name\":\"In\u00edcio\",\"item\":\"https:\/\/onelegal.pt\/pt-pt\/\"},{\"@type\":\"ListItem\",\"position\":2,\"name\":\"Diretrizes europeias sobre IA generativa nos tribunais \u2013 o que muda e porque importa para a pr\u00e1tica forense\"}]},{\"@type\":\"WebSite\",\"@id\":\"https:\/\/onelegal.pt\/pt-pt\/#website\",\"url\":\"https:\/\/onelegal.pt\/pt-pt\/\",\"name\":\"OneLegal\",\"description\":\"\",\"publisher\":{\"@id\":\"https:\/\/onelegal.pt\/pt-pt\/#organization\"},\"potentialAction\":[{\"@type\":\"SearchAction\",\"target\":{\"@type\":\"EntryPoint\",\"urlTemplate\":\"https:\/\/onelegal.pt\/pt-pt\/?s={search_term_string}\"},\"query-input\":\"required name=search_term_string\"}],\"inLanguage\":\"pt-PT\"},{\"@type\":\"Organization\",\"@id\":\"https:\/\/onelegal.pt\/pt-pt\/#organization\",\"name\":\"One Legal\",\"url\":\"https:\/\/onelegal.pt\/pt-pt\/\",\"logo\":{\"@type\":\"ImageObject\",\"inLanguage\":\"pt-PT\",\"@id\":\"https:\/\/onelegal.pt\/pt-pt\/#\/schema\/logo\/image\/\",\"url\":\"https:\/\/onelegal.pt\/wp-content\/uploads\/2022\/01\/Prancheta-2.svg\",\"contentUrl\":\"https:\/\/onelegal.pt\/wp-content\/uploads\/2022\/01\/Prancheta-2.svg\",\"width\":1,\"height\":1,\"caption\":\"One Legal\"},\"image\":{\"@id\":\"https:\/\/onelegal.pt\/pt-pt\/#\/schema\/logo\/image\/\"},\"sameAs\":[\"https:\/\/www.facebook.com\/onelegal.oficial\",\"https:\/\/www.youtube.com\/channel\/UC8K-CmwBq5T8cXxAOLswV7Q\",\"https:\/\/www.linkedin.com\/company\/onelegaloficial\/\"]},{\"@type\":\"Person\",\"@id\":\"https:\/\/onelegal.pt\/pt-pt\/#\/schema\/person\/320c1fdcef9b2492b21dabaf7ff17967\",\"name\":\"Teresa Boino\",\"image\":{\"@type\":\"ImageObject\",\"inLanguage\":\"pt-PT\",\"@id\":\"https:\/\/onelegal.pt\/pt-pt\/#\/schema\/person\/image\/\",\"url\":\"https:\/\/onelegal.pt\/wp-content\/uploads\/2022\/02\/cropped-onelegal-onepeople-teresa-boino-2-96x96.jpg\",\"contentUrl\":\"https:\/\/onelegal.pt\/wp-content\/uploads\/2022\/02\/cropped-onelegal-onepeople-teresa-boino-2-96x96.jpg\",\"caption\":\"Teresa Boino\"},\"url\":\"https:\/\/onelegal.pt\/pt-pt\/author\/teresa-boino\/\"}]}<\/script>\n<!-- \/ Yoast SEO plugin. -->","yoast_head_json":{"title":"Diretrizes europeias sobre IA generativa nos tribunais \u2013 o que muda e porque importa para a pr\u00e1tica forense - OneLegal","robots":{"index":"index","follow":"follow","max-snippet":"max-snippet:-1","max-image-preview":"max-image-preview:large","max-video-preview":"max-video-preview:-1"},"canonical":"https:\/\/onelegal.pt\/pt-pt\/blog-pt-pt\/diretrizes-europeias-sobre-ia-generativa-nos-tribunais-o-que-muda-e-porque-importa-para-a-pratica-forense\/","og_locale":"pt_PT","og_type":"article","og_title":"Diretrizes europeias sobre IA generativa nos tribunais \u2013 o que muda e porque importa para a pr\u00e1tica forense - OneLegal","og_description":"Other Posts Play A Comiss\u00e3o Europeia para a Efici\u00eancia da Justi\u00e7a (CEPEJ), do Conselho da Europa, adotou em dezembro de 2025 um conjunto de Diretrizes sobre a utiliza\u00e7\u00e3o de IA generativa nos tribunais. A Dire\u00e7\u00e3o-Geral da Pol\u00edtica de Justi\u00e7a (DGPJ) traduziu agora integralmente o documento para portugu\u00eas, disponibilizando-o ao setor da justi\u00e7a nacional.As diretrizes s\u00e3o [&hellip;]","og_url":"https:\/\/onelegal.pt\/pt-pt\/blog-pt-pt\/diretrizes-europeias-sobre-ia-generativa-nos-tribunais-o-que-muda-e-porque-importa-para-a-pratica-forense\/","og_site_name":"OneLegal","article_publisher":"https:\/\/www.facebook.com\/onelegal.oficial","article_published_time":"2026-03-16T12:49:32+00:00","article_modified_time":"2026-03-16T12:51:04+00:00","og_image":[{"width":668,"height":278,"url":"https:\/\/onelegal.pt\/wp-content\/uploads\/2026\/03\/Blog-2026-03-16-PT-Min.png","type":"image\/png"}],"author":"Teresa Boino","twitter_card":"summary_large_image","twitter_misc":{"Escrito por":"Teresa Boino","Tempo estimado de leitura":"5 minutos"},"schema":{"@context":"https:\/\/schema.org","@graph":[{"@type":"Article","@id":"https:\/\/onelegal.pt\/pt-pt\/blog-pt-pt\/diretrizes-europeias-sobre-ia-generativa-nos-tribunais-o-que-muda-e-porque-importa-para-a-pratica-forense\/#article","isPartOf":{"@id":"https:\/\/onelegal.pt\/pt-pt\/blog-pt-pt\/diretrizes-europeias-sobre-ia-generativa-nos-tribunais-o-que-muda-e-porque-importa-para-a-pratica-forense\/"},"author":{"name":"Teresa Boino","@id":"https:\/\/onelegal.pt\/pt-pt\/#\/schema\/person\/320c1fdcef9b2492b21dabaf7ff17967"},"headline":"Diretrizes europeias sobre IA generativa nos tribunais \u2013 o que muda e porque importa para a pr\u00e1tica forense","datePublished":"2026-03-16T12:49:32+00:00","dateModified":"2026-03-16T12:51:04+00:00","mainEntityOfPage":{"@id":"https:\/\/onelegal.pt\/pt-pt\/blog-pt-pt\/diretrizes-europeias-sobre-ia-generativa-nos-tribunais-o-que-muda-e-porque-importa-para-a-pratica-forense\/"},"wordCount":1043,"commentCount":0,"publisher":{"@id":"https:\/\/onelegal.pt\/pt-pt\/#organization"},"image":{"@id":"https:\/\/onelegal.pt\/pt-pt\/blog-pt-pt\/diretrizes-europeias-sobre-ia-generativa-nos-tribunais-o-que-muda-e-porque-importa-para-a-pratica-forense\/#primaryimage"},"thumbnailUrl":"https:\/\/onelegal.pt\/wp-content\/uploads\/2026\/03\/Blog-2026-03-16-PT-Min.png","articleSection":["Blog","Novidades"],"inLanguage":"pt-PT","potentialAction":[{"@type":"CommentAction","name":"Comment","target":["https:\/\/onelegal.pt\/pt-pt\/blog-pt-pt\/diretrizes-europeias-sobre-ia-generativa-nos-tribunais-o-que-muda-e-porque-importa-para-a-pratica-forense\/#respond"]}]},{"@type":"WebPage","@id":"https:\/\/onelegal.pt\/pt-pt\/blog-pt-pt\/diretrizes-europeias-sobre-ia-generativa-nos-tribunais-o-que-muda-e-porque-importa-para-a-pratica-forense\/","url":"https:\/\/onelegal.pt\/pt-pt\/blog-pt-pt\/diretrizes-europeias-sobre-ia-generativa-nos-tribunais-o-que-muda-e-porque-importa-para-a-pratica-forense\/","name":"Diretrizes europeias sobre IA generativa nos tribunais \u2013 o que muda e porque importa para a pr\u00e1tica forense - OneLegal","isPartOf":{"@id":"https:\/\/onelegal.pt\/pt-pt\/#website"},"primaryImageOfPage":{"@id":"https:\/\/onelegal.pt\/pt-pt\/blog-pt-pt\/diretrizes-europeias-sobre-ia-generativa-nos-tribunais-o-que-muda-e-porque-importa-para-a-pratica-forense\/#primaryimage"},"image":{"@id":"https:\/\/onelegal.pt\/pt-pt\/blog-pt-pt\/diretrizes-europeias-sobre-ia-generativa-nos-tribunais-o-que-muda-e-porque-importa-para-a-pratica-forense\/#primaryimage"},"thumbnailUrl":"https:\/\/onelegal.pt\/wp-content\/uploads\/2026\/03\/Blog-2026-03-16-PT-Min.png","datePublished":"2026-03-16T12:49:32+00:00","dateModified":"2026-03-16T12:51:04+00:00","breadcrumb":{"@id":"https:\/\/onelegal.pt\/pt-pt\/blog-pt-pt\/diretrizes-europeias-sobre-ia-generativa-nos-tribunais-o-que-muda-e-porque-importa-para-a-pratica-forense\/#breadcrumb"},"inLanguage":"pt-PT","potentialAction":[{"@type":"ReadAction","target":["https:\/\/onelegal.pt\/pt-pt\/blog-pt-pt\/diretrizes-europeias-sobre-ia-generativa-nos-tribunais-o-que-muda-e-porque-importa-para-a-pratica-forense\/"]}]},{"@type":"ImageObject","inLanguage":"pt-PT","@id":"https:\/\/onelegal.pt\/pt-pt\/blog-pt-pt\/diretrizes-europeias-sobre-ia-generativa-nos-tribunais-o-que-muda-e-porque-importa-para-a-pratica-forense\/#primaryimage","url":"https:\/\/onelegal.pt\/wp-content\/uploads\/2026\/03\/Blog-2026-03-16-PT-Min.png","contentUrl":"https:\/\/onelegal.pt\/wp-content\/uploads\/2026\/03\/Blog-2026-03-16-PT-Min.png","width":668,"height":278},{"@type":"BreadcrumbList","@id":"https:\/\/onelegal.pt\/pt-pt\/blog-pt-pt\/diretrizes-europeias-sobre-ia-generativa-nos-tribunais-o-que-muda-e-porque-importa-para-a-pratica-forense\/#breadcrumb","itemListElement":[{"@type":"ListItem","position":1,"name":"In\u00edcio","item":"https:\/\/onelegal.pt\/pt-pt\/"},{"@type":"ListItem","position":2,"name":"Diretrizes europeias sobre IA generativa nos tribunais \u2013 o que muda e porque importa para a pr\u00e1tica forense"}]},{"@type":"WebSite","@id":"https:\/\/onelegal.pt\/pt-pt\/#website","url":"https:\/\/onelegal.pt\/pt-pt\/","name":"OneLegal","description":"","publisher":{"@id":"https:\/\/onelegal.pt\/pt-pt\/#organization"},"potentialAction":[{"@type":"SearchAction","target":{"@type":"EntryPoint","urlTemplate":"https:\/\/onelegal.pt\/pt-pt\/?s={search_term_string}"},"query-input":"required name=search_term_string"}],"inLanguage":"pt-PT"},{"@type":"Organization","@id":"https:\/\/onelegal.pt\/pt-pt\/#organization","name":"One Legal","url":"https:\/\/onelegal.pt\/pt-pt\/","logo":{"@type":"ImageObject","inLanguage":"pt-PT","@id":"https:\/\/onelegal.pt\/pt-pt\/#\/schema\/logo\/image\/","url":"https:\/\/onelegal.pt\/wp-content\/uploads\/2022\/01\/Prancheta-2.svg","contentUrl":"https:\/\/onelegal.pt\/wp-content\/uploads\/2022\/01\/Prancheta-2.svg","width":1,"height":1,"caption":"One Legal"},"image":{"@id":"https:\/\/onelegal.pt\/pt-pt\/#\/schema\/logo\/image\/"},"sameAs":["https:\/\/www.facebook.com\/onelegal.oficial","https:\/\/www.youtube.com\/channel\/UC8K-CmwBq5T8cXxAOLswV7Q","https:\/\/www.linkedin.com\/company\/onelegaloficial\/"]},{"@type":"Person","@id":"https:\/\/onelegal.pt\/pt-pt\/#\/schema\/person\/320c1fdcef9b2492b21dabaf7ff17967","name":"Teresa Boino","image":{"@type":"ImageObject","inLanguage":"pt-PT","@id":"https:\/\/onelegal.pt\/pt-pt\/#\/schema\/person\/image\/","url":"https:\/\/onelegal.pt\/wp-content\/uploads\/2022\/02\/cropped-onelegal-onepeople-teresa-boino-2-96x96.jpg","contentUrl":"https:\/\/onelegal.pt\/wp-content\/uploads\/2022\/02\/cropped-onelegal-onepeople-teresa-boino-2-96x96.jpg","caption":"Teresa Boino"},"url":"https:\/\/onelegal.pt\/pt-pt\/author\/teresa-boino\/"}]}},"_links":{"self":[{"href":"https:\/\/onelegal.pt\/pt-pt\/wp-json\/wp\/v2\/posts\/8983","targetHints":{"allow":["GET"]}}],"collection":[{"href":"https:\/\/onelegal.pt\/pt-pt\/wp-json\/wp\/v2\/posts"}],"about":[{"href":"https:\/\/onelegal.pt\/pt-pt\/wp-json\/wp\/v2\/types\/post"}],"author":[{"embeddable":true,"href":"https:\/\/onelegal.pt\/pt-pt\/wp-json\/wp\/v2\/users\/4"}],"replies":[{"embeddable":true,"href":"https:\/\/onelegal.pt\/pt-pt\/wp-json\/wp\/v2\/comments?post=8983"}],"version-history":[{"count":4,"href":"https:\/\/onelegal.pt\/pt-pt\/wp-json\/wp\/v2\/posts\/8983\/revisions"}],"predecessor-version":[{"id":8991,"href":"https:\/\/onelegal.pt\/pt-pt\/wp-json\/wp\/v2\/posts\/8983\/revisions\/8991"}],"wp:featuredmedia":[{"embeddable":true,"href":"https:\/\/onelegal.pt\/pt-pt\/wp-json\/wp\/v2\/media\/8985"}],"wp:attachment":[{"href":"https:\/\/onelegal.pt\/pt-pt\/wp-json\/wp\/v2\/media?parent=8983"}],"wp:term":[{"taxonomy":"category","embeddable":true,"href":"https:\/\/onelegal.pt\/pt-pt\/wp-json\/wp\/v2\/categories?post=8983"},{"taxonomy":"post_tag","embeddable":true,"href":"https:\/\/onelegal.pt\/pt-pt\/wp-json\/wp\/v2\/tags?post=8983"}],"curies":[{"name":"wp","href":"https:\/\/api.w.org\/{rel}","templated":true}]}}