{"id":8732,"date":"2025-10-28T17:17:11","date_gmt":"2025-10-28T17:17:11","guid":{"rendered":"https:\/\/onelegal.pt\/?p=8732"},"modified":"2025-11-19T01:00:21","modified_gmt":"2025-11-19T01:00:21","slug":"portugal-entram-em-vigor-as-alteracoes-a-lei-da-imigracao","status":"publish","type":"post","link":"https:\/\/onelegal.pt\/pt-pt\/blog-pt-pt\/portugal-entram-em-vigor-as-alteracoes-a-lei-da-imigracao\/","title":{"rendered":"Portugal | Entram em vigor as altera\u00e7\u00f5es \u00e0 Lei da Imigra\u00e7\u00e3o"},"content":{"rendered":"\t\t<div data-elementor-type=\"wp-post\" data-elementor-id=\"8732\" class=\"elementor elementor-8732\" data-elementor-post-type=\"post\">\n\t\t\t\t\t\t<section class=\"elementor-section elementor-top-section elementor-element elementor-element-50804ee elementor-section-boxed elementor-section-height-default elementor-section-height-default\" data-id=\"50804ee\" data-element_type=\"section\">\n\t\t\t\t\t\t<div class=\"elementor-container elementor-column-gap-default\">\n\t\t\t\t\t<div class=\"elementor-column elementor-col-100 elementor-top-column elementor-element elementor-element-d9f8f5e\" data-id=\"d9f8f5e\" data-element_type=\"column\">\n\t\t\t<div class=\"elementor-widget-wrap elementor-element-populated\">\n\t\t\t\t\t\t<div class=\"elementor-element elementor-element-1764073 bt-links esq elementor-widget elementor-widget-button\" data-id=\"1764073\" data-element_type=\"widget\" data-widget_type=\"button.default\">\n\t\t\t\t<div class=\"elementor-widget-container\">\n\t\t\t\t\t<div class=\"elementor-button-wrapper\">\n\t\t\t<a class=\"elementor-button elementor-button-link elementor-size-md\" href=\"https:\/\/onelegal.pt\/blog\/\">\n\t\t\t\t\t\t<span class=\"elementor-button-content-wrapper\">\n\t\t\t\t\t\t\t\t\t<span class=\"elementor-button-text\"><div class=\"ic-arrow\"><\/div>Other Posts<\/span>\n\t\t\t\t\t<\/span>\n\t\t\t\t\t<\/a>\n\t\t<\/div>\n\t\t\t\t<\/div>\n\t\t\t\t<\/div>\n\t\t\t\t<div class=\"elementor-element elementor-element-516be33 videofoto elementor-skin-carousel elementor-widget elementor-widget-media-carousel\" data-id=\"516be33\" data-element_type=\"widget\" data-settings=\"{&quot;slides_per_view&quot;:&quot;1&quot;,&quot;skin&quot;:&quot;carousel&quot;,&quot;effect&quot;:&quot;slide&quot;,&quot;speed&quot;:500,&quot;autoplay&quot;:&quot;yes&quot;,&quot;autoplay_speed&quot;:5000,&quot;loop&quot;:&quot;yes&quot;,&quot;pause_on_hover&quot;:&quot;yes&quot;,&quot;pause_on_interaction&quot;:&quot;yes&quot;,&quot;space_between&quot;:{&quot;unit&quot;:&quot;px&quot;,&quot;size&quot;:10,&quot;sizes&quot;:[]},&quot;space_between_tablet&quot;:{&quot;unit&quot;:&quot;px&quot;,&quot;size&quot;:10,&quot;sizes&quot;:[]},&quot;space_between_mobile&quot;:{&quot;unit&quot;:&quot;px&quot;,&quot;size&quot;:10,&quot;sizes&quot;:[]}}\" data-widget_type=\"media-carousel.default\">\n\t\t\t\t<div class=\"elementor-widget-container\">\n\t\t\t<link rel=\"stylesheet\" href=\"https:\/\/onelegal.pt\/wp-content\/plugins\/pro-elements\/assets\/css\/widget-carousel.min.css\">\t\t<div class=\"elementor-swiper\">\n\t\t\t<div class=\"elementor-main-swiper swiper\">\n\t\t\t\t<div class=\"swiper-wrapper\">\n\t\t\t\t\t\t\t\t\t\t\t<div class=\"swiper-slide\">\n\t\t\t\t\t\t\t<a href=\"https:\/\/onelegal.pt\/wp-content\/uploads\/2025\/10\/Blog_2025-10-28-PT.png\" data-elementor-open-lightbox=\"yes\" data-elementor-lightbox-slideshow=\"516be33\" data-elementor-lightbox-title=\"Blog_2025 10 28 PT\" data-e-action-hash=\"#elementor-action%3Aaction%3Dlightbox%26settings%3DeyJpZCI6ODczNiwidXJsIjoiaHR0cHM6XC9cL29uZWxlZ2FsLnB0XC93cC1jb250ZW50XC91cGxvYWRzXC8yMDI1XC8xMFwvQmxvZ18yMDI1LTEwLTI4LVBULnBuZyIsInNsaWRlc2hvdyI6IjUxNmJlMzMifQ%3D%3D\" data-elementor-lightbox-video=\"\">\t\t<div class=\"elementor-carousel-image\" role=\"img\" aria-label=\"Blog_2025 10 28 PT\" style=\"background-image: url(&#039;https:\/\/onelegal.pt\/wp-content\/uploads\/2025\/10\/Blog_2025-10-28-PT.png&#039;)\">\n\n\t\t\t\n\t\t\t\t\t\t\t<div class=\"elementor-custom-embed-play\">\n\t\t\t\t\t<i aria-hidden=\"true\" class=\"eicon-play\"><\/i>\t\t\t\t\t<span class=\"elementor-screen-only\">Play<\/span>\n\t\t\t\t<\/div>\n\t\t\t\t\t<\/div>\n\t\t<\/a>\t\t\t\t\t\t<\/div>\n\t\t\t\t\t\t\t\t\t<\/div>\n\t\t\t\t\t\t\t<\/div>\n\t\t<\/div>\n\t\t\t\t<\/div>\n\t\t\t\t<\/div>\n\t\t\t\t\t<\/div>\n\t\t<\/div>\n\t\t\t\t\t<\/div>\n\t\t<\/section>\n\t\t\t\t<section class=\"elementor-section elementor-top-section elementor-element elementor-element-5781a55 elementor-section-boxed elementor-section-height-default elementor-section-height-default\" data-id=\"5781a55\" data-element_type=\"section\">\n\t\t\t\t\t\t<div class=\"elementor-container elementor-column-gap-default\">\n\t\t\t\t\t<div class=\"elementor-column elementor-col-100 elementor-top-column elementor-element elementor-element-b13b9ed\" data-id=\"b13b9ed\" data-element_type=\"column\">\n\t\t\t<div class=\"elementor-widget-wrap elementor-element-populated\">\n\t\t\t\t\t\t<div class=\"elementor-element elementor-element-5b02df7 elementor-widget elementor-widget-heading\" data-id=\"5b02df7\" data-element_type=\"widget\" data-widget_type=\"heading.default\">\n\t\t\t\t<div class=\"elementor-widget-container\">\n\t\t\t<style>\/*! elementor - v3.23.0 - 15-07-2024 *\/\n.elementor-heading-title{padding:0;margin:0;line-height:1}.elementor-widget-heading .elementor-heading-title[class*=elementor-size-]>a{color:inherit;font-size:inherit;line-height:inherit}.elementor-widget-heading .elementor-heading-title.elementor-size-small{font-size:15px}.elementor-widget-heading .elementor-heading-title.elementor-size-medium{font-size:19px}.elementor-widget-heading .elementor-heading-title.elementor-size-large{font-size:29px}.elementor-widget-heading .elementor-heading-title.elementor-size-xl{font-size:39px}.elementor-widget-heading .elementor-heading-title.elementor-size-xxl{font-size:59px}<\/style><h3 class=\"elementor-heading-title elementor-size-default\">28\/10\/2025<\/h3>\t\t<\/div>\n\t\t\t\t<\/div>\n\t\t\t\t<div class=\"elementor-element elementor-element-2e4e4d8 elementor-widget elementor-widget-heading\" data-id=\"2e4e4d8\" data-element_type=\"widget\" data-widget_type=\"heading.default\">\n\t\t\t\t<div class=\"elementor-widget-container\">\n\t\t\t<h2 class=\"elementor-heading-title elementor-size-default\">Portugal | Entram em vigor as altera\u00e7\u00f5es \u00e0 Lei da Imigra\u00e7\u00e3o<\/h2>\t\t<\/div>\n\t\t\t\t<\/div>\n\t\t\t\t<div class=\"elementor-element elementor-element-b17eebf elementor-author-box--align-left elementor-author-box--image-valign-middle elementor-author-box--layout-image-left elementor-author-box--avatar-yes elementor-author-box--name-yes elementor-author-box--biography-yes elementor-author-box--link-no elementor-widget elementor-widget-author-box\" data-id=\"b17eebf\" data-element_type=\"widget\" data-widget_type=\"author-box.default\">\n\t\t\t\t<div class=\"elementor-widget-container\">\n\t\t\t<link rel=\"stylesheet\" href=\"https:\/\/onelegal.pt\/wp-content\/plugins\/pro-elements\/assets\/css\/widget-theme-elements.min.css\">\t\t<div class=\"elementor-author-box\">\n\t\t\t\t\t\t\t<div  class=\"elementor-author-box__avatar\">\n\t\t\t\t\t<img decoding=\"async\" src=\"https:\/\/onelegal.pt\/wp-content\/uploads\/2022\/02\/cropped-onelegal-onepeople-teresa-boino-2-300x300.jpg\" alt=\"Picture of Teresa Boino\" loading=\"lazy\">\n\t\t\t\t<\/div>\n\t\t\t\n\t\t\t<div class=\"elementor-author-box__text\">\n\t\t\t\t\t\t\t\t\t<div >\n\t\t\t\t\t\t<span class=\"elementor-author-box__name\">\n\t\t\t\t\t\t\tTeresa Boino\t\t\t\t\t\t<\/span>\n\t\t\t\t\t<\/div>\n\t\t\t\t\n\t\t\t\t\t\t\t\t\t<div class=\"elementor-author-box__bio\">\n\t\t\t\t\t\t\t\t\t\t\t<\/div>\n\t\t\t\t\n\t\t\t\t\t\t\t<\/div>\n\t\t<\/div>\n\t\t\t\t<\/div>\n\t\t\t\t<\/div>\n\t\t\t\t<div class=\"elementor-element elementor-element-181dd8d elementor-widget elementor-widget-text-editor\" data-id=\"181dd8d\" data-element_type=\"widget\" data-widget_type=\"text-editor.default\">\n\t\t\t\t<div class=\"elementor-widget-container\">\n\t\t\t<style>\/*! elementor - v3.23.0 - 15-07-2024 *\/\n.elementor-widget-text-editor.elementor-drop-cap-view-stacked .elementor-drop-cap{background-color:#69727d;color:#fff}.elementor-widget-text-editor.elementor-drop-cap-view-framed .elementor-drop-cap{color:#69727d;border:3px solid;background-color:transparent}.elementor-widget-text-editor:not(.elementor-drop-cap-view-default) .elementor-drop-cap{margin-top:8px}.elementor-widget-text-editor:not(.elementor-drop-cap-view-default) .elementor-drop-cap-letter{width:1em;height:1em}.elementor-widget-text-editor .elementor-drop-cap{float:left;text-align:center;line-height:1;font-size:50px}.elementor-widget-text-editor .elementor-drop-cap-letter{display:inline-block}<\/style>\t\t\t\t<p>Na \u00faltima quinta-feira, dia 23 de outubro, entrou em vigor a Lei n.\u00ba 61\/2025, de 22 de Outubro, que altera a Lei n.\u00ba 23\/2007, de 04 de Julho, que regula a entrada, perman\u00eancia, sa\u00edda e afastamento de estrangeiros do territ\u00f3rio nacional.<\/p><p>Ap\u00f3s pedido de fiscaliza\u00e7\u00e3o preventiva da constitucionalidade apresentado pelo Presidente da Rep\u00fablica, em julho, junto do Tribunal Constitucional, o diploma regressou \u00e0 Assembleia da Rep\u00fablica, que procedeu \u00e0 sua reaprecia\u00e7\u00e3o e aprovou uma nova vers\u00e3o do diploma. A nova vers\u00e3o foi promulgada pelo Presidente, Marcelo Rebelo de Sousa.<\/p><p>Entre as principais mudan\u00e7as, destacamos:<\/p><p><strong>1. O reagrupamento familiar<\/strong><\/p><p>At\u00e9 ent\u00e3o, a lei n\u00e3o previa um tempo m\u00ednimo de resid\u00eancia para que o titular pudesse pedir o reagrupamento familiar. Agora, na generalidade dos casos, \u00e9 exigido que o titular tenha uma autoriza\u00e7\u00e3o de resid\u00eancia v\u00e1lida h\u00e1 pelo menos dois anos.<\/p><p>Assim, o novo regime estabelece que o titular de uma autoriza\u00e7\u00e3o de resid\u00eancia v\u00e1lida h\u00e1 pelo menos dois anos pode pedir o reagrupamento com os membros da sua fam\u00edlia, estando, no entanto, previstas algumas exce\u00e7\u00f5es:<\/p><ul><li>Filhos menores ou incapazes a cargo podem ser reunidos de imediato, sem necessidade de esperar dois anos;<\/li><li>O mesmo se aplica ao c\u00f4njuge ou equiparado que seja progenitor ou adotante de um menor a cargo;<\/li><li>Tamb\u00e9m est\u00e3o dispensados do prazo os familiares de titulares de autoriza\u00e7\u00e3o de resid\u00eancia para investimento (visto gold), Cart\u00e3o Azul UE ou autoriza\u00e7\u00e3o como trabalhador altamente qualificado.<\/li><li>Quando o pedido envolver o c\u00f4njuge ou equiparado que tenha coabitado com o titular durante, pelo menos, 18 meses antes da entrada em Portugal, o per\u00edodo de validade da autoriza\u00e7\u00e3o de resid\u00eancia exigido ser\u00e1 inferior, de 15 meses.<\/li><\/ul><p>Em casos excecionais devidamente fundamentados, o prazo de dois anos pode ser dispensado ou reduzido, por despacho do membro do Governo respons\u00e1vel pela \u00e1rea das migra\u00e7\u00f5es, tendo em considera\u00e7\u00e3o a natureza e a solidez dos la\u00e7os familiares da pessoa e a efetividade da sua integra\u00e7\u00e3o em Portugal, \u00e0 luz dos princ\u00edpios da dignidade da pessoa humana e da proporcionalidade.<\/p><p>Por fim, uma altera\u00e7\u00e3o relevante: apoios sociais, como o subs\u00eddio de desemprego, deixam de ser considerados para efeitos de comprova\u00e7\u00e3o de meios de subsist\u00eancia suficientes para sustentar todos os membros do agrupamento familiar.<\/p><p><strong>2. Visto de procura de trabalho apenas para atividade profissional altalmente qualificada<\/strong><\/p><p>Anteriormente, o denominado \u201cvisto para procura de trabalho\u201d destinava-se a qualquer cidad\u00e3o estrangeiro que desejasse entrar e permanecer em Portugal com o objetivo de procurar emprego, permitindo inclusive o exerc\u00edcio de atividade laboral dependente at\u00e9 ao termo da dura\u00e7\u00e3o do visto ou at\u00e9 \u00e0 concess\u00e3o da autoriza\u00e7\u00e3o de resid\u00eancia.<\/p><p>Com a nova lei, o visto passa a ser espec\u00edfico para a procura de trabalho qualificado. O visto passa a chamar-se \u201cvisto para procura de trabalho qualificado\u201d e, na pr\u00e1tica, s\u00f3 pode ser concedido a candidatos com compet\u00eancias t\u00e9cnicas especializadas, autorizando que o seu titular exer\u00e7a atividade profissional altamente qualificada, at\u00e9 ao termo da dura\u00e7\u00e3o do visto ou at\u00e9 \u00e0 concess\u00e3o da autoriza\u00e7\u00e3o de resid\u00eancia.<\/p><p><strong>3. Autoriza\u00e7\u00e3o de resid\u00eancia CPLP<\/strong><\/p><p>Para efeitos de pedido de autoriza\u00e7\u00e3o de resid\u00eancia ao abrigo do Acordo de Mobilidade da CPLP, passa a ser obrigat\u00f3rio entrar em Portugal j\u00e1 com o visto de resid\u00eancia emitido no pa\u00eds de origem, deixando de ser suficiente o visto de curta dura\u00e7\u00e3o ou o visto de estada tempor\u00e1ria.<\/p><p>Assim, deixa de ser poss\u00edvel solicitar em territ\u00f3rio nacional a autoriza\u00e7\u00e3o de resid\u00eancia apenas com base na perten\u00e7a \u00e0 CPLP. A legisla\u00e7\u00e3o passa a exigir que o requerente tenha ingressado no pa\u00eds munido do visto de resid\u00eancia correspondente.<\/p><p><strong>4. Mudan\u00e7as na tutela jurisdicional<\/strong><\/p><p>A nova lei introduz altera\u00e7\u00f5es no modo como os imigrantes podem recorrer \u00e0 via judicial para contestar decis\u00f5es ou omiss\u00f5es da AIMA.<\/p><p>Via de regra, as decis\u00f5es ou omiss\u00f5es da AIMA podem ser impugnadas atrav\u00e9s de a\u00e7\u00e3o administrativa, nos termos do C\u00f3digo de Processo nos Tribunais Administrativos, sem preju\u00edzo do recurso \u00e0 tutela cautelar.<\/p><p>J\u00e1 o uso da intima\u00e7\u00e3o para prote\u00e7\u00e3o de direitos, liberdades e garantias \u2013 uma a\u00e7\u00e3o judicial considerada \u201curgente\u201d \u2013, passa a ser admitido apenas em situa\u00e7\u00f5es excecionais, quando a atua\u00e7\u00e3o ou omiss\u00e3o da AIMA comprometa, de modo comprovadamente grave e direto, o exerc\u00edcio, em tempo \u00fatil, de direitos, liberdades e garantias pessoais, cuja tutela n\u00e3o possa ser eficazmente assegurada atrav\u00e9s dos meios cautelares dispon\u00edveis.<\/p><p>O artigo 87.\u00ba-B, aditado \u00e0 lei, determina ainda que, em caso de falta de atua\u00e7\u00e3o atempada da AIMA, o juiz deve ponderar v\u00e1rios fatores antes de proferir a sua decis\u00e3o: o volume de procedimentos pendentes, os meios humanos, administrativos e financeiros dispon\u00edveis da AIMA e as consequ\u00eancias da decis\u00e3o judicial sobre o tratamento equitativo de outros pedidos em curso. Na pr\u00e1tica, a lei passa a reconhecer formalmente a sobrecarga estrutural da AIMA e obriga o tribunal a equilibrar a urg\u00eancia do caso com a capacidade real de resposta da Administra\u00e7\u00e3o.<\/p>\t\t\t\t\t\t<\/div>\n\t\t\t\t<\/div>\n\t\t\t\t<div class=\"elementor-element elementor-element-b231f4c elementor-widget elementor-widget-heading\" data-id=\"b231f4c\" data-element_type=\"widget\" data-widget_type=\"heading.default\">\n\t\t\t\t<div class=\"elementor-widget-container\">\n\t\t\t<h3 class=\"elementor-heading-title elementor-size-default\">SHARE<\/h3>\t\t<\/div>\n\t\t\t\t<\/div>\n\t\t\t\t<div class=\"elementor-element elementor-element-a8440de elementor-share-buttons--view-icon elementor-share-buttons--skin-minimal elementor-share-buttons--shape-circle elementor-share-buttons--color-custom elementor-grid-0 elementor-widget elementor-widget-share-buttons\" data-id=\"a8440de\" data-element_type=\"widget\" data-widget_type=\"share-buttons.default\">\n\t\t\t\t<div class=\"elementor-widget-container\">\n\t\t\t<link rel=\"stylesheet\" href=\"https:\/\/onelegal.pt\/wp-content\/plugins\/pro-elements\/assets\/css\/widget-share-buttons.min.css\">\t\t<div class=\"elementor-grid\">\n\t\t\t\t\t\t\t\t<div class=\"elementor-grid-item\">\n\t\t\t\t\t\t<div\n\t\t\t\t\t\t\tclass=\"elementor-share-btn elementor-share-btn_facebook\"\n\t\t\t\t\t\t\trole=\"button\"\n\t\t\t\t\t\t\ttabindex=\"0\"\n\t\t\t\t\t\t\taria-label=\"Share on facebook\"\n\t\t\t\t\t\t>\n\t\t\t\t\t\t\t\t\t\t\t\t\t\t\t<span class=\"elementor-share-btn__icon\">\n\t\t\t\t\t\t\t\t<i class=\"fab fa-facebook\" aria-hidden=\"true\"><\/i>\t\t\t\t\t\t\t<\/span>\n\t\t\t\t\t\t\t\t\t\t\t\t\t\t\t\t\t\t\t\t<\/div>\n\t\t\t\t\t<\/div>\n\t\t\t\t\t\t\t\t\t<div class=\"elementor-grid-item\">\n\t\t\t\t\t\t<div\n\t\t\t\t\t\t\tclass=\"elementor-share-btn elementor-share-btn_twitter\"\n\t\t\t\t\t\t\trole=\"button\"\n\t\t\t\t\t\t\ttabindex=\"0\"\n\t\t\t\t\t\t\taria-label=\"Share on twitter\"\n\t\t\t\t\t\t>\n\t\t\t\t\t\t\t\t\t\t\t\t\t\t\t<span class=\"elementor-share-btn__icon\">\n\t\t\t\t\t\t\t\t<i class=\"fab fa-twitter\" aria-hidden=\"true\"><\/i>\t\t\t\t\t\t\t<\/span>\n\t\t\t\t\t\t\t\t\t\t\t\t\t\t\t\t\t\t\t\t<\/div>\n\t\t\t\t\t<\/div>\n\t\t\t\t\t\t\t\t\t<div class=\"elementor-grid-item\">\n\t\t\t\t\t\t<div\n\t\t\t\t\t\t\tclass=\"elementor-share-btn elementor-share-btn_linkedin\"\n\t\t\t\t\t\t\trole=\"button\"\n\t\t\t\t\t\t\ttabindex=\"0\"\n\t\t\t\t\t\t\taria-label=\"Share on linkedin\"\n\t\t\t\t\t\t>\n\t\t\t\t\t\t\t\t\t\t\t\t\t\t\t<span class=\"elementor-share-btn__icon\">\n\t\t\t\t\t\t\t\t<i class=\"fab fa-linkedin\" aria-hidden=\"true\"><\/i>\t\t\t\t\t\t\t<\/span>\n\t\t\t\t\t\t\t\t\t\t\t\t\t\t\t\t\t\t\t\t<\/div>\n\t\t\t\t\t<\/div>\n\t\t\t\t\t\t\t\t\t<div class=\"elementor-grid-item\">\n\t\t\t\t\t\t<div\n\t\t\t\t\t\t\tclass=\"elementor-share-btn elementor-share-btn_whatsapp\"\n\t\t\t\t\t\t\trole=\"button\"\n\t\t\t\t\t\t\ttabindex=\"0\"\n\t\t\t\t\t\t\taria-label=\"Share on whatsapp\"\n\t\t\t\t\t\t>\n\t\t\t\t\t\t\t\t\t\t\t\t\t\t\t<span class=\"elementor-share-btn__icon\">\n\t\t\t\t\t\t\t\t<i class=\"fab fa-whatsapp\" aria-hidden=\"true\"><\/i>\t\t\t\t\t\t\t<\/span>\n\t\t\t\t\t\t\t\t\t\t\t\t\t\t\t\t\t\t\t\t<\/div>\n\t\t\t\t\t<\/div>\n\t\t\t\t\t\t<\/div>\n\t\t\t\t<\/div>\n\t\t\t\t<\/div>\n\t\t\t\t\t<\/div>\n\t\t<\/div>\n\t\t\t\t\t<\/div>\n\t\t<\/section>\n\t\t\t\t<\/div>\n\t\t","protected":false},"excerpt":{"rendered":"<p>Other Posts Play Na \u00faltima quinta-feira, dia 23 de outubro, entrou em vigor a Lei n.\u00ba 61\/2025, de 22 de Outubro, que altera a Lei n.\u00ba 23\/2007, de 04 de Julho, que regula a entrada, perman\u00eancia, sa\u00edda e afastamento de estrangeiros do territ\u00f3rio nacional. Ap\u00f3s pedido de fiscaliza\u00e7\u00e3o preventiva da constitucionalidade apresentado pelo Presidente da [&hellip;]<\/p>\n","protected":false},"author":4,"featured_media":8734,"comment_status":"open","ping_status":"closed","sticky":false,"template":"elementor_header_footer","format":"standard","meta":{"footnotes":""},"categories":[39,67],"tags":[],"class_list":["post-8732","post","type-post","status-publish","format-standard","has-post-thumbnail","hentry","category-blog-pt-pt","category-novidades"],"yoast_head":"<!-- This site is optimized with the Yoast SEO plugin v23.0 - https:\/\/yoast.com\/wordpress\/plugins\/seo\/ -->\n<title>Portugal | Entram em vigor as altera\u00e7\u00f5es \u00e0 Lei da Imigra\u00e7\u00e3o - OneLegal<\/title>\n<meta name=\"robots\" content=\"index, follow, max-snippet:-1, max-image-preview:large, max-video-preview:-1\" \/>\n<link rel=\"canonical\" href=\"https:\/\/onelegal.pt\/pt-pt\/blog-pt-pt\/portugal-entram-em-vigor-as-alteracoes-a-lei-da-imigracao\/\" \/>\n<meta property=\"og:locale\" content=\"pt_PT\" \/>\n<meta property=\"og:type\" content=\"article\" \/>\n<meta property=\"og:title\" content=\"Portugal | Entram em vigor as altera\u00e7\u00f5es \u00e0 Lei da Imigra\u00e7\u00e3o - OneLegal\" \/>\n<meta property=\"og:description\" content=\"Other Posts Play Na \u00faltima quinta-feira, dia 23 de outubro, entrou em vigor a Lei n.\u00ba 61\/2025, de 22 de Outubro, que altera a Lei n.\u00ba 23\/2007, de 04 de Julho, que regula a entrada, perman\u00eancia, sa\u00edda e afastamento de estrangeiros do territ\u00f3rio nacional. Ap\u00f3s pedido de fiscaliza\u00e7\u00e3o preventiva da constitucionalidade apresentado pelo Presidente da [&hellip;]\" \/>\n<meta property=\"og:url\" content=\"https:\/\/onelegal.pt\/pt-pt\/blog-pt-pt\/portugal-entram-em-vigor-as-alteracoes-a-lei-da-imigracao\/\" \/>\n<meta property=\"og:site_name\" content=\"OneLegal\" \/>\n<meta property=\"article:publisher\" content=\"https:\/\/www.facebook.com\/onelegal.oficial\" \/>\n<meta property=\"article:published_time\" content=\"2025-10-28T17:17:11+00:00\" \/>\n<meta property=\"article:modified_time\" content=\"2025-11-19T01:00:21+00:00\" \/>\n<meta property=\"og:image\" content=\"https:\/\/onelegal.pt\/wp-content\/uploads\/2025\/10\/Blog_2025-10-28-PT-Min.png\" \/>\n\t<meta property=\"og:image:width\" content=\"668\" \/>\n\t<meta property=\"og:image:height\" content=\"278\" \/>\n\t<meta property=\"og:image:type\" content=\"image\/png\" \/>\n<meta name=\"author\" content=\"Teresa Boino\" \/>\n<meta name=\"twitter:card\" content=\"summary_large_image\" \/>\n<meta name=\"twitter:label1\" content=\"Escrito por\" \/>\n\t<meta name=\"twitter:data1\" content=\"Teresa Boino\" \/>\n\t<meta name=\"twitter:label2\" content=\"Tempo estimado de leitura\" \/>\n\t<meta name=\"twitter:data2\" content=\"4 minutos\" \/>\n<script type=\"application\/ld+json\" class=\"yoast-schema-graph\">{\"@context\":\"https:\/\/schema.org\",\"@graph\":[{\"@type\":\"Article\",\"@id\":\"https:\/\/onelegal.pt\/pt-pt\/blog-pt-pt\/portugal-entram-em-vigor-as-alteracoes-a-lei-da-imigracao\/#article\",\"isPartOf\":{\"@id\":\"https:\/\/onelegal.pt\/pt-pt\/blog-pt-pt\/portugal-entram-em-vigor-as-alteracoes-a-lei-da-imigracao\/\"},\"author\":{\"name\":\"Teresa Boino\",\"@id\":\"https:\/\/onelegal.pt\/pt-pt\/#\/schema\/person\/320c1fdcef9b2492b21dabaf7ff17967\"},\"headline\":\"Portugal | Entram em vigor as altera\u00e7\u00f5es \u00e0 Lei da Imigra\u00e7\u00e3o\",\"datePublished\":\"2025-10-28T17:17:11+00:00\",\"dateModified\":\"2025-11-19T01:00:21+00:00\",\"mainEntityOfPage\":{\"@id\":\"https:\/\/onelegal.pt\/pt-pt\/blog-pt-pt\/portugal-entram-em-vigor-as-alteracoes-a-lei-da-imigracao\/\"},\"wordCount\":893,\"commentCount\":0,\"publisher\":{\"@id\":\"https:\/\/onelegal.pt\/pt-pt\/#organization\"},\"image\":{\"@id\":\"https:\/\/onelegal.pt\/pt-pt\/blog-pt-pt\/portugal-entram-em-vigor-as-alteracoes-a-lei-da-imigracao\/#primaryimage\"},\"thumbnailUrl\":\"https:\/\/onelegal.pt\/wp-content\/uploads\/2025\/10\/Blog_2025-10-28-PT-Min.png\",\"articleSection\":[\"Blog\",\"Novidades\"],\"inLanguage\":\"pt-PT\",\"potentialAction\":[{\"@type\":\"CommentAction\",\"name\":\"Comment\",\"target\":[\"https:\/\/onelegal.pt\/pt-pt\/blog-pt-pt\/portugal-entram-em-vigor-as-alteracoes-a-lei-da-imigracao\/#respond\"]}]},{\"@type\":\"WebPage\",\"@id\":\"https:\/\/onelegal.pt\/pt-pt\/blog-pt-pt\/portugal-entram-em-vigor-as-alteracoes-a-lei-da-imigracao\/\",\"url\":\"https:\/\/onelegal.pt\/pt-pt\/blog-pt-pt\/portugal-entram-em-vigor-as-alteracoes-a-lei-da-imigracao\/\",\"name\":\"Portugal | Entram em vigor as altera\u00e7\u00f5es \u00e0 Lei da Imigra\u00e7\u00e3o - OneLegal\",\"isPartOf\":{\"@id\":\"https:\/\/onelegal.pt\/pt-pt\/#website\"},\"primaryImageOfPage\":{\"@id\":\"https:\/\/onelegal.pt\/pt-pt\/blog-pt-pt\/portugal-entram-em-vigor-as-alteracoes-a-lei-da-imigracao\/#primaryimage\"},\"image\":{\"@id\":\"https:\/\/onelegal.pt\/pt-pt\/blog-pt-pt\/portugal-entram-em-vigor-as-alteracoes-a-lei-da-imigracao\/#primaryimage\"},\"thumbnailUrl\":\"https:\/\/onelegal.pt\/wp-content\/uploads\/2025\/10\/Blog_2025-10-28-PT-Min.png\",\"datePublished\":\"2025-10-28T17:17:11+00:00\",\"dateModified\":\"2025-11-19T01:00:21+00:00\",\"breadcrumb\":{\"@id\":\"https:\/\/onelegal.pt\/pt-pt\/blog-pt-pt\/portugal-entram-em-vigor-as-alteracoes-a-lei-da-imigracao\/#breadcrumb\"},\"inLanguage\":\"pt-PT\",\"potentialAction\":[{\"@type\":\"ReadAction\",\"target\":[\"https:\/\/onelegal.pt\/pt-pt\/blog-pt-pt\/portugal-entram-em-vigor-as-alteracoes-a-lei-da-imigracao\/\"]}]},{\"@type\":\"ImageObject\",\"inLanguage\":\"pt-PT\",\"@id\":\"https:\/\/onelegal.pt\/pt-pt\/blog-pt-pt\/portugal-entram-em-vigor-as-alteracoes-a-lei-da-imigracao\/#primaryimage\",\"url\":\"https:\/\/onelegal.pt\/wp-content\/uploads\/2025\/10\/Blog_2025-10-28-PT-Min.png\",\"contentUrl\":\"https:\/\/onelegal.pt\/wp-content\/uploads\/2025\/10\/Blog_2025-10-28-PT-Min.png\",\"width\":668,\"height\":278},{\"@type\":\"BreadcrumbList\",\"@id\":\"https:\/\/onelegal.pt\/pt-pt\/blog-pt-pt\/portugal-entram-em-vigor-as-alteracoes-a-lei-da-imigracao\/#breadcrumb\",\"itemListElement\":[{\"@type\":\"ListItem\",\"position\":1,\"name\":\"In\u00edcio\",\"item\":\"https:\/\/onelegal.pt\/pt-pt\/\"},{\"@type\":\"ListItem\",\"position\":2,\"name\":\"Portugal | Entram em vigor as altera\u00e7\u00f5es \u00e0 Lei da Imigra\u00e7\u00e3o\"}]},{\"@type\":\"WebSite\",\"@id\":\"https:\/\/onelegal.pt\/pt-pt\/#website\",\"url\":\"https:\/\/onelegal.pt\/pt-pt\/\",\"name\":\"OneLegal\",\"description\":\"\",\"publisher\":{\"@id\":\"https:\/\/onelegal.pt\/pt-pt\/#organization\"},\"potentialAction\":[{\"@type\":\"SearchAction\",\"target\":{\"@type\":\"EntryPoint\",\"urlTemplate\":\"https:\/\/onelegal.pt\/pt-pt\/?s={search_term_string}\"},\"query-input\":\"required name=search_term_string\"}],\"inLanguage\":\"pt-PT\"},{\"@type\":\"Organization\",\"@id\":\"https:\/\/onelegal.pt\/pt-pt\/#organization\",\"name\":\"One Legal\",\"url\":\"https:\/\/onelegal.pt\/pt-pt\/\",\"logo\":{\"@type\":\"ImageObject\",\"inLanguage\":\"pt-PT\",\"@id\":\"https:\/\/onelegal.pt\/pt-pt\/#\/schema\/logo\/image\/\",\"url\":\"https:\/\/onelegal.pt\/wp-content\/uploads\/2022\/01\/Prancheta-2.svg\",\"contentUrl\":\"https:\/\/onelegal.pt\/wp-content\/uploads\/2022\/01\/Prancheta-2.svg\",\"width\":1,\"height\":1,\"caption\":\"One Legal\"},\"image\":{\"@id\":\"https:\/\/onelegal.pt\/pt-pt\/#\/schema\/logo\/image\/\"},\"sameAs\":[\"https:\/\/www.facebook.com\/onelegal.oficial\",\"https:\/\/www.youtube.com\/channel\/UC8K-CmwBq5T8cXxAOLswV7Q\",\"https:\/\/www.linkedin.com\/company\/onelegaloficial\/\"]},{\"@type\":\"Person\",\"@id\":\"https:\/\/onelegal.pt\/pt-pt\/#\/schema\/person\/320c1fdcef9b2492b21dabaf7ff17967\",\"name\":\"Teresa Boino\",\"image\":{\"@type\":\"ImageObject\",\"inLanguage\":\"pt-PT\",\"@id\":\"https:\/\/onelegal.pt\/pt-pt\/#\/schema\/person\/image\/\",\"url\":\"https:\/\/onelegal.pt\/wp-content\/uploads\/2022\/02\/cropped-onelegal-onepeople-teresa-boino-2-96x96.jpg\",\"contentUrl\":\"https:\/\/onelegal.pt\/wp-content\/uploads\/2022\/02\/cropped-onelegal-onepeople-teresa-boino-2-96x96.jpg\",\"caption\":\"Teresa Boino\"},\"url\":\"https:\/\/onelegal.pt\/pt-pt\/author\/teresa-boino\/\"}]}<\/script>\n<!-- \/ Yoast SEO plugin. -->","yoast_head_json":{"title":"Portugal | Entram em vigor as altera\u00e7\u00f5es \u00e0 Lei da Imigra\u00e7\u00e3o - OneLegal","robots":{"index":"index","follow":"follow","max-snippet":"max-snippet:-1","max-image-preview":"max-image-preview:large","max-video-preview":"max-video-preview:-1"},"canonical":"https:\/\/onelegal.pt\/pt-pt\/blog-pt-pt\/portugal-entram-em-vigor-as-alteracoes-a-lei-da-imigracao\/","og_locale":"pt_PT","og_type":"article","og_title":"Portugal | Entram em vigor as altera\u00e7\u00f5es \u00e0 Lei da Imigra\u00e7\u00e3o - OneLegal","og_description":"Other Posts Play Na \u00faltima quinta-feira, dia 23 de outubro, entrou em vigor a Lei n.\u00ba 61\/2025, de 22 de Outubro, que altera a Lei n.\u00ba 23\/2007, de 04 de Julho, que regula a entrada, perman\u00eancia, sa\u00edda e afastamento de estrangeiros do territ\u00f3rio nacional. Ap\u00f3s pedido de fiscaliza\u00e7\u00e3o preventiva da constitucionalidade apresentado pelo Presidente da [&hellip;]","og_url":"https:\/\/onelegal.pt\/pt-pt\/blog-pt-pt\/portugal-entram-em-vigor-as-alteracoes-a-lei-da-imigracao\/","og_site_name":"OneLegal","article_publisher":"https:\/\/www.facebook.com\/onelegal.oficial","article_published_time":"2025-10-28T17:17:11+00:00","article_modified_time":"2025-11-19T01:00:21+00:00","og_image":[{"width":668,"height":278,"url":"https:\/\/onelegal.pt\/wp-content\/uploads\/2025\/10\/Blog_2025-10-28-PT-Min.png","type":"image\/png"}],"author":"Teresa Boino","twitter_card":"summary_large_image","twitter_misc":{"Escrito por":"Teresa Boino","Tempo estimado de leitura":"4 minutos"},"schema":{"@context":"https:\/\/schema.org","@graph":[{"@type":"Article","@id":"https:\/\/onelegal.pt\/pt-pt\/blog-pt-pt\/portugal-entram-em-vigor-as-alteracoes-a-lei-da-imigracao\/#article","isPartOf":{"@id":"https:\/\/onelegal.pt\/pt-pt\/blog-pt-pt\/portugal-entram-em-vigor-as-alteracoes-a-lei-da-imigracao\/"},"author":{"name":"Teresa Boino","@id":"https:\/\/onelegal.pt\/pt-pt\/#\/schema\/person\/320c1fdcef9b2492b21dabaf7ff17967"},"headline":"Portugal | Entram em vigor as altera\u00e7\u00f5es \u00e0 Lei da Imigra\u00e7\u00e3o","datePublished":"2025-10-28T17:17:11+00:00","dateModified":"2025-11-19T01:00:21+00:00","mainEntityOfPage":{"@id":"https:\/\/onelegal.pt\/pt-pt\/blog-pt-pt\/portugal-entram-em-vigor-as-alteracoes-a-lei-da-imigracao\/"},"wordCount":893,"commentCount":0,"publisher":{"@id":"https:\/\/onelegal.pt\/pt-pt\/#organization"},"image":{"@id":"https:\/\/onelegal.pt\/pt-pt\/blog-pt-pt\/portugal-entram-em-vigor-as-alteracoes-a-lei-da-imigracao\/#primaryimage"},"thumbnailUrl":"https:\/\/onelegal.pt\/wp-content\/uploads\/2025\/10\/Blog_2025-10-28-PT-Min.png","articleSection":["Blog","Novidades"],"inLanguage":"pt-PT","potentialAction":[{"@type":"CommentAction","name":"Comment","target":["https:\/\/onelegal.pt\/pt-pt\/blog-pt-pt\/portugal-entram-em-vigor-as-alteracoes-a-lei-da-imigracao\/#respond"]}]},{"@type":"WebPage","@id":"https:\/\/onelegal.pt\/pt-pt\/blog-pt-pt\/portugal-entram-em-vigor-as-alteracoes-a-lei-da-imigracao\/","url":"https:\/\/onelegal.pt\/pt-pt\/blog-pt-pt\/portugal-entram-em-vigor-as-alteracoes-a-lei-da-imigracao\/","name":"Portugal | Entram em vigor as altera\u00e7\u00f5es \u00e0 Lei da Imigra\u00e7\u00e3o - OneLegal","isPartOf":{"@id":"https:\/\/onelegal.pt\/pt-pt\/#website"},"primaryImageOfPage":{"@id":"https:\/\/onelegal.pt\/pt-pt\/blog-pt-pt\/portugal-entram-em-vigor-as-alteracoes-a-lei-da-imigracao\/#primaryimage"},"image":{"@id":"https:\/\/onelegal.pt\/pt-pt\/blog-pt-pt\/portugal-entram-em-vigor-as-alteracoes-a-lei-da-imigracao\/#primaryimage"},"thumbnailUrl":"https:\/\/onelegal.pt\/wp-content\/uploads\/2025\/10\/Blog_2025-10-28-PT-Min.png","datePublished":"2025-10-28T17:17:11+00:00","dateModified":"2025-11-19T01:00:21+00:00","breadcrumb":{"@id":"https:\/\/onelegal.pt\/pt-pt\/blog-pt-pt\/portugal-entram-em-vigor-as-alteracoes-a-lei-da-imigracao\/#breadcrumb"},"inLanguage":"pt-PT","potentialAction":[{"@type":"ReadAction","target":["https:\/\/onelegal.pt\/pt-pt\/blog-pt-pt\/portugal-entram-em-vigor-as-alteracoes-a-lei-da-imigracao\/"]}]},{"@type":"ImageObject","inLanguage":"pt-PT","@id":"https:\/\/onelegal.pt\/pt-pt\/blog-pt-pt\/portugal-entram-em-vigor-as-alteracoes-a-lei-da-imigracao\/#primaryimage","url":"https:\/\/onelegal.pt\/wp-content\/uploads\/2025\/10\/Blog_2025-10-28-PT-Min.png","contentUrl":"https:\/\/onelegal.pt\/wp-content\/uploads\/2025\/10\/Blog_2025-10-28-PT-Min.png","width":668,"height":278},{"@type":"BreadcrumbList","@id":"https:\/\/onelegal.pt\/pt-pt\/blog-pt-pt\/portugal-entram-em-vigor-as-alteracoes-a-lei-da-imigracao\/#breadcrumb","itemListElement":[{"@type":"ListItem","position":1,"name":"In\u00edcio","item":"https:\/\/onelegal.pt\/pt-pt\/"},{"@type":"ListItem","position":2,"name":"Portugal | Entram em vigor as altera\u00e7\u00f5es \u00e0 Lei da Imigra\u00e7\u00e3o"}]},{"@type":"WebSite","@id":"https:\/\/onelegal.pt\/pt-pt\/#website","url":"https:\/\/onelegal.pt\/pt-pt\/","name":"OneLegal","description":"","publisher":{"@id":"https:\/\/onelegal.pt\/pt-pt\/#organization"},"potentialAction":[{"@type":"SearchAction","target":{"@type":"EntryPoint","urlTemplate":"https:\/\/onelegal.pt\/pt-pt\/?s={search_term_string}"},"query-input":"required name=search_term_string"}],"inLanguage":"pt-PT"},{"@type":"Organization","@id":"https:\/\/onelegal.pt\/pt-pt\/#organization","name":"One Legal","url":"https:\/\/onelegal.pt\/pt-pt\/","logo":{"@type":"ImageObject","inLanguage":"pt-PT","@id":"https:\/\/onelegal.pt\/pt-pt\/#\/schema\/logo\/image\/","url":"https:\/\/onelegal.pt\/wp-content\/uploads\/2022\/01\/Prancheta-2.svg","contentUrl":"https:\/\/onelegal.pt\/wp-content\/uploads\/2022\/01\/Prancheta-2.svg","width":1,"height":1,"caption":"One Legal"},"image":{"@id":"https:\/\/onelegal.pt\/pt-pt\/#\/schema\/logo\/image\/"},"sameAs":["https:\/\/www.facebook.com\/onelegal.oficial","https:\/\/www.youtube.com\/channel\/UC8K-CmwBq5T8cXxAOLswV7Q","https:\/\/www.linkedin.com\/company\/onelegaloficial\/"]},{"@type":"Person","@id":"https:\/\/onelegal.pt\/pt-pt\/#\/schema\/person\/320c1fdcef9b2492b21dabaf7ff17967","name":"Teresa Boino","image":{"@type":"ImageObject","inLanguage":"pt-PT","@id":"https:\/\/onelegal.pt\/pt-pt\/#\/schema\/person\/image\/","url":"https:\/\/onelegal.pt\/wp-content\/uploads\/2022\/02\/cropped-onelegal-onepeople-teresa-boino-2-96x96.jpg","contentUrl":"https:\/\/onelegal.pt\/wp-content\/uploads\/2022\/02\/cropped-onelegal-onepeople-teresa-boino-2-96x96.jpg","caption":"Teresa Boino"},"url":"https:\/\/onelegal.pt\/pt-pt\/author\/teresa-boino\/"}]}},"_links":{"self":[{"href":"https:\/\/onelegal.pt\/pt-pt\/wp-json\/wp\/v2\/posts\/8732","targetHints":{"allow":["GET"]}}],"collection":[{"href":"https:\/\/onelegal.pt\/pt-pt\/wp-json\/wp\/v2\/posts"}],"about":[{"href":"https:\/\/onelegal.pt\/pt-pt\/wp-json\/wp\/v2\/types\/post"}],"author":[{"embeddable":true,"href":"https:\/\/onelegal.pt\/pt-pt\/wp-json\/wp\/v2\/users\/4"}],"replies":[{"embeddable":true,"href":"https:\/\/onelegal.pt\/pt-pt\/wp-json\/wp\/v2\/comments?post=8732"}],"version-history":[{"count":4,"href":"https:\/\/onelegal.pt\/pt-pt\/wp-json\/wp\/v2\/posts\/8732\/revisions"}],"predecessor-version":[{"id":8740,"href":"https:\/\/onelegal.pt\/pt-pt\/wp-json\/wp\/v2\/posts\/8732\/revisions\/8740"}],"wp:featuredmedia":[{"embeddable":true,"href":"https:\/\/onelegal.pt\/pt-pt\/wp-json\/wp\/v2\/media\/8734"}],"wp:attachment":[{"href":"https:\/\/onelegal.pt\/pt-pt\/wp-json\/wp\/v2\/media?parent=8732"}],"wp:term":[{"taxonomy":"category","embeddable":true,"href":"https:\/\/onelegal.pt\/pt-pt\/wp-json\/wp\/v2\/categories?post=8732"},{"taxonomy":"post_tag","embeddable":true,"href":"https:\/\/onelegal.pt\/pt-pt\/wp-json\/wp\/v2\/tags?post=8732"}],"curies":[{"name":"wp","href":"https:\/\/api.w.org\/{rel}","templated":true}]}}