{"id":8532,"date":"2025-05-28T03:13:23","date_gmt":"2025-05-28T02:13:23","guid":{"rendered":"https:\/\/onelegal.pt\/?p=8532"},"modified":"2025-05-28T03:15:14","modified_gmt":"2025-05-28T02:15:14","slug":"portugal-transicao-energetica-novo-regime-juridico-do-sistema-nacional-de-gas-integra-gases-renovaveis-e-reforca-seguranca-de-abastecimento","status":"publish","type":"post","link":"https:\/\/onelegal.pt\/pt-pt\/blog-pt-pt\/portugal-transicao-energetica-novo-regime-juridico-do-sistema-nacional-de-gas-integra-gases-renovaveis-e-reforca-seguranca-de-abastecimento\/","title":{"rendered":"Portugal | Transi\u00e7\u00e3o Energ\u00e9tica: novo regime jur\u00eddico do Sistema Nacional de G\u00e1s integra gases renov\u00e1veis e refor\u00e7a seguran\u00e7a de abastecimento"},"content":{"rendered":"\t\t<div data-elementor-type=\"wp-post\" data-elementor-id=\"8532\" class=\"elementor elementor-8532\" data-elementor-post-type=\"post\">\n\t\t\t\t\t\t<section class=\"elementor-section elementor-top-section elementor-element elementor-element-50804ee elementor-section-boxed elementor-section-height-default elementor-section-height-default\" data-id=\"50804ee\" data-element_type=\"section\">\n\t\t\t\t\t\t<div class=\"elementor-container elementor-column-gap-default\">\n\t\t\t\t\t<div class=\"elementor-column elementor-col-100 elementor-top-column elementor-element elementor-element-d9f8f5e\" data-id=\"d9f8f5e\" data-element_type=\"column\">\n\t\t\t<div class=\"elementor-widget-wrap elementor-element-populated\">\n\t\t\t\t\t\t<div class=\"elementor-element elementor-element-1764073 bt-links esq elementor-widget elementor-widget-button\" data-id=\"1764073\" data-element_type=\"widget\" data-widget_type=\"button.default\">\n\t\t\t\t<div class=\"elementor-widget-container\">\n\t\t\t\t\t<div class=\"elementor-button-wrapper\">\n\t\t\t<a class=\"elementor-button elementor-button-link elementor-size-md\" href=\"https:\/\/onelegal.pt\/blog\/\">\n\t\t\t\t\t\t<span class=\"elementor-button-content-wrapper\">\n\t\t\t\t\t\t\t\t\t<span class=\"elementor-button-text\"><div class=\"ic-arrow\"><\/div>Other Posts<\/span>\n\t\t\t\t\t<\/span>\n\t\t\t\t\t<\/a>\n\t\t<\/div>\n\t\t\t\t<\/div>\n\t\t\t\t<\/div>\n\t\t\t\t<div class=\"elementor-element elementor-element-516be33 videofoto elementor-skin-carousel elementor-widget elementor-widget-media-carousel\" data-id=\"516be33\" data-element_type=\"widget\" data-settings=\"{&quot;slides_per_view&quot;:&quot;1&quot;,&quot;skin&quot;:&quot;carousel&quot;,&quot;effect&quot;:&quot;slide&quot;,&quot;speed&quot;:500,&quot;autoplay&quot;:&quot;yes&quot;,&quot;autoplay_speed&quot;:5000,&quot;loop&quot;:&quot;yes&quot;,&quot;pause_on_hover&quot;:&quot;yes&quot;,&quot;pause_on_interaction&quot;:&quot;yes&quot;,&quot;space_between&quot;:{&quot;unit&quot;:&quot;px&quot;,&quot;size&quot;:10,&quot;sizes&quot;:[]},&quot;space_between_tablet&quot;:{&quot;unit&quot;:&quot;px&quot;,&quot;size&quot;:10,&quot;sizes&quot;:[]},&quot;space_between_mobile&quot;:{&quot;unit&quot;:&quot;px&quot;,&quot;size&quot;:10,&quot;sizes&quot;:[]}}\" data-widget_type=\"media-carousel.default\">\n\t\t\t\t<div class=\"elementor-widget-container\">\n\t\t\t<link rel=\"stylesheet\" href=\"https:\/\/onelegal.pt\/wp-content\/plugins\/pro-elements\/assets\/css\/widget-carousel.min.css\">\t\t<div class=\"elementor-swiper\">\n\t\t\t<div class=\"elementor-main-swiper swiper\">\n\t\t\t\t<div class=\"swiper-wrapper\">\n\t\t\t\t\t\t\t\t\t\t\t<div class=\"swiper-slide\">\n\t\t\t\t\t\t\t<a href=\"https:\/\/onelegal.pt\/wp-content\/uploads\/2025\/05\/Blog-2025-05-28-PT.png\" data-elementor-open-lightbox=\"yes\" data-elementor-lightbox-slideshow=\"516be33\" data-elementor-lightbox-title=\"Blog 2025 05 28 PT\" data-e-action-hash=\"#elementor-action%3Aaction%3Dlightbox%26settings%3DeyJpZCI6ODUzNiwidXJsIjoiaHR0cHM6XC9cL29uZWxlZ2FsLnB0XC93cC1jb250ZW50XC91cGxvYWRzXC8yMDI1XC8wNVwvQmxvZy0yMDI1LTA1LTI4LVBULnBuZyIsInNsaWRlc2hvdyI6IjUxNmJlMzMifQ%3D%3D\" data-elementor-lightbox-video=\"\">\t\t<div class=\"elementor-carousel-image\" role=\"img\" aria-label=\"Blog 2025 05 28 PT\" style=\"background-image: url(&#039;https:\/\/onelegal.pt\/wp-content\/uploads\/2025\/05\/Blog-2025-05-28-PT.png&#039;)\">\n\n\t\t\t\n\t\t\t\t\t\t\t<div class=\"elementor-custom-embed-play\">\n\t\t\t\t\t<i aria-hidden=\"true\" class=\"eicon-play\"><\/i>\t\t\t\t\t<span class=\"elementor-screen-only\">Play<\/span>\n\t\t\t\t<\/div>\n\t\t\t\t\t<\/div>\n\t\t<\/a>\t\t\t\t\t\t<\/div>\n\t\t\t\t\t\t\t\t\t<\/div>\n\t\t\t\t\t\t\t<\/div>\n\t\t<\/div>\n\t\t\t\t<\/div>\n\t\t\t\t<\/div>\n\t\t\t\t\t<\/div>\n\t\t<\/div>\n\t\t\t\t\t<\/div>\n\t\t<\/section>\n\t\t\t\t<section class=\"elementor-section elementor-top-section elementor-element elementor-element-5781a55 elementor-section-boxed elementor-section-height-default elementor-section-height-default\" data-id=\"5781a55\" data-element_type=\"section\">\n\t\t\t\t\t\t<div class=\"elementor-container elementor-column-gap-default\">\n\t\t\t\t\t<div class=\"elementor-column elementor-col-100 elementor-top-column elementor-element elementor-element-b13b9ed\" data-id=\"b13b9ed\" data-element_type=\"column\">\n\t\t\t<div class=\"elementor-widget-wrap elementor-element-populated\">\n\t\t\t\t\t\t<div class=\"elementor-element elementor-element-5b02df7 elementor-widget elementor-widget-heading\" data-id=\"5b02df7\" data-element_type=\"widget\" data-widget_type=\"heading.default\">\n\t\t\t\t<div class=\"elementor-widget-container\">\n\t\t\t<style>\/*! elementor - v3.23.0 - 15-07-2024 *\/\n.elementor-heading-title{padding:0;margin:0;line-height:1}.elementor-widget-heading .elementor-heading-title[class*=elementor-size-]>a{color:inherit;font-size:inherit;line-height:inherit}.elementor-widget-heading .elementor-heading-title.elementor-size-small{font-size:15px}.elementor-widget-heading .elementor-heading-title.elementor-size-medium{font-size:19px}.elementor-widget-heading .elementor-heading-title.elementor-size-large{font-size:29px}.elementor-widget-heading .elementor-heading-title.elementor-size-xl{font-size:39px}.elementor-widget-heading .elementor-heading-title.elementor-size-xxl{font-size:59px}<\/style><h3 class=\"elementor-heading-title elementor-size-default\">28\/05\/2025<\/h3>\t\t<\/div>\n\t\t\t\t<\/div>\n\t\t\t\t<div class=\"elementor-element elementor-element-2e4e4d8 elementor-widget elementor-widget-heading\" data-id=\"2e4e4d8\" data-element_type=\"widget\" data-widget_type=\"heading.default\">\n\t\t\t\t<div class=\"elementor-widget-container\">\n\t\t\t<h2 class=\"elementor-heading-title elementor-size-default\">Portugal | Transi\u00e7\u00e3o Energ\u00e9tica: novo regime jur\u00eddico do Sistema Nacional de G\u00e1s integra gases renov\u00e1veis e refor\u00e7a seguran\u00e7a de abastecimento<\/h2>\t\t<\/div>\n\t\t\t\t<\/div>\n\t\t\t\t<div class=\"elementor-element elementor-element-b17eebf elementor-author-box--align-left elementor-author-box--image-valign-middle elementor-author-box--layout-image-left elementor-author-box--avatar-yes elementor-author-box--name-yes elementor-author-box--biography-yes elementor-author-box--link-no elementor-widget elementor-widget-author-box\" data-id=\"b17eebf\" data-element_type=\"widget\" data-widget_type=\"author-box.default\">\n\t\t\t\t<div class=\"elementor-widget-container\">\n\t\t\t<link rel=\"stylesheet\" href=\"https:\/\/onelegal.pt\/wp-content\/plugins\/pro-elements\/assets\/css\/widget-theme-elements.min.css\">\t\t<div class=\"elementor-author-box\">\n\t\t\t\t\t\t\t<div  class=\"elementor-author-box__avatar\">\n\t\t\t\t\t<img decoding=\"async\" src=\"https:\/\/onelegal.pt\/wp-content\/uploads\/2022\/01\/cropped-onelegal-onepeople-4-300x300.jpg\" alt=\"Picture of Rui Amendoeira\" loading=\"lazy\">\n\t\t\t\t<\/div>\n\t\t\t\n\t\t\t<div class=\"elementor-author-box__text\">\n\t\t\t\t\t\t\t\t\t<div >\n\t\t\t\t\t\t<span class=\"elementor-author-box__name\">\n\t\t\t\t\t\t\tRui Amendoeira\t\t\t\t\t\t<\/span>\n\t\t\t\t\t<\/div>\n\t\t\t\t\n\t\t\t\t\t\t\t\t\t<div class=\"elementor-author-box__bio\">\n\t\t\t\t\t\t\t\t\t\t\t<\/div>\n\t\t\t\t\n\t\t\t\t\t\t\t<\/div>\n\t\t<\/div>\n\t\t\t\t<\/div>\n\t\t\t\t<\/div>\n\t\t\t\t<div class=\"elementor-element elementor-element-181dd8d elementor-widget elementor-widget-text-editor\" data-id=\"181dd8d\" data-element_type=\"widget\" data-widget_type=\"text-editor.default\">\n\t\t\t\t<div class=\"elementor-widget-container\">\n\t\t\t<style>\/*! elementor - v3.23.0 - 15-07-2024 *\/\n.elementor-widget-text-editor.elementor-drop-cap-view-stacked .elementor-drop-cap{background-color:#69727d;color:#fff}.elementor-widget-text-editor.elementor-drop-cap-view-framed .elementor-drop-cap{color:#69727d;border:3px solid;background-color:transparent}.elementor-widget-text-editor:not(.elementor-drop-cap-view-default) .elementor-drop-cap{margin-top:8px}.elementor-widget-text-editor:not(.elementor-drop-cap-view-default) .elementor-drop-cap-letter{width:1em;height:1em}.elementor-widget-text-editor .elementor-drop-cap{float:left;text-align:center;line-height:1;font-size:50px}.elementor-widget-text-editor .elementor-drop-cap-letter{display:inline-block}<\/style>\t\t\t\t<p>Foi publicado o Decreto-Lei n.\u00ba 79\/2025, de 21 de maio, que introduz altera\u00e7\u00f5es relevantes ao regime jur\u00eddico do Sistema Nacional de G\u00e1s (SNG) e \u00e0 reserva estrat\u00e9gica de g\u00e1s natural, refor\u00e7ando o compromisso de Portugal com a transi\u00e7\u00e3o energ\u00e9tica e a descarboniza\u00e7\u00e3o da economia, em conson\u00e2ncia com o Plano Nacional Energia e Clima 2030. Este diploma atualiza conceitos legais, reconhece a circula\u00e7\u00e3o de gases renov\u00e1veis e de baixo teor de carbono atrav\u00e9s de infraestruturas dedicadas, e define o processo de designa\u00e7\u00e3o da entidade respons\u00e1vel pelo planeamento, desenvolvimento e gest\u00e3o dessas redes. Adicionalmente, designa a Dire\u00e7\u00e3o-Geral de Energia e Geologia (DGEG) como entidade licenciadora e a Entidade Reguladora dos Servi\u00e7os Energ\u00e9ticos (ERSE) como reguladora do mercado de g\u00e1s renov\u00e1vel, g\u00e1s natural e hidrog\u00e9nio.<\/p><p>Os procedimentos administrativos relativos ao setor passam a ser integralmente desmaterializados, sendo efetuados atrav\u00e9s do Portal \u00danico dos Servi\u00e7os Digitais, o que promove maior efici\u00eancia e transpar\u00eancia. Foi refor\u00e7ada a exig\u00eancia de demonstra\u00e7\u00e3o da capacidade t\u00e9cnica e econ\u00f3mica dos comercializadores de g\u00e1s, bem como introduzidos novos requisitos no registo pr\u00e9vio para a produ\u00e7\u00e3o de gases renov\u00e1veis, incluindo o pagamento de taxa e a presta\u00e7\u00e3o de cau\u00e7\u00e3o. Os titulares de registo pr\u00e9vio podem agora destinar a produ\u00e7\u00e3o a equipamentos m\u00f3veis ou fixos, dirigidos a qualquer consumidor final.<\/p><p>No \u00e2mbito da reserva estrat\u00e9gica de g\u00e1s natural, as medidas extraordin\u00e1rias de reporte de contratos de longo prazo em regime de take or pay foram prorrogadas at\u00e9 31 de dezembro de 2027. Por fim, o diploma estabelece que, ap\u00f3s a transposi\u00e7\u00e3o da Diretiva (UE) 2024\/1788, ser\u00e1 designada a entidade respons\u00e1vel pela gest\u00e3o da infraestrutura de rede dedicada a hidrog\u00e9nio, cabendo ao Governo proceder \u00e0 nomea\u00e7\u00e3o provis\u00f3ria mediante consulta ao mercado.<\/p><p>Estas atualiza\u00e7\u00f5es legislativas modernizam o setor do g\u00e1s em Portugal, alinhando-o com os objetivos europeus de sustentabilidade, inova\u00e7\u00e3o e seguran\u00e7a no abastecimento energ\u00e9tico.<\/p>\t\t\t\t\t\t<\/div>\n\t\t\t\t<\/div>\n\t\t\t\t<div class=\"elementor-element elementor-element-b231f4c elementor-widget elementor-widget-heading\" data-id=\"b231f4c\" data-element_type=\"widget\" data-widget_type=\"heading.default\">\n\t\t\t\t<div class=\"elementor-widget-container\">\n\t\t\t<h3 class=\"elementor-heading-title elementor-size-default\">SHARE<\/h3>\t\t<\/div>\n\t\t\t\t<\/div>\n\t\t\t\t<div class=\"elementor-element elementor-element-a8440de elementor-share-buttons--view-icon elementor-share-buttons--skin-minimal elementor-share-buttons--shape-circle elementor-share-buttons--color-custom elementor-grid-0 elementor-widget elementor-widget-share-buttons\" data-id=\"a8440de\" data-element_type=\"widget\" data-widget_type=\"share-buttons.default\">\n\t\t\t\t<div class=\"elementor-widget-container\">\n\t\t\t<link rel=\"stylesheet\" href=\"https:\/\/onelegal.pt\/wp-content\/plugins\/pro-elements\/assets\/css\/widget-share-buttons.min.css\">\t\t<div class=\"elementor-grid\">\n\t\t\t\t\t\t\t\t<div class=\"elementor-grid-item\">\n\t\t\t\t\t\t<div\n\t\t\t\t\t\t\tclass=\"elementor-share-btn elementor-share-btn_facebook\"\n\t\t\t\t\t\t\trole=\"button\"\n\t\t\t\t\t\t\ttabindex=\"0\"\n\t\t\t\t\t\t\taria-label=\"Share on facebook\"\n\t\t\t\t\t\t>\n\t\t\t\t\t\t\t\t\t\t\t\t\t\t\t<span class=\"elementor-share-btn__icon\">\n\t\t\t\t\t\t\t\t<i class=\"fab fa-facebook\" aria-hidden=\"true\"><\/i>\t\t\t\t\t\t\t<\/span>\n\t\t\t\t\t\t\t\t\t\t\t\t\t\t\t\t\t\t\t\t<\/div>\n\t\t\t\t\t<\/div>\n\t\t\t\t\t\t\t\t\t<div class=\"elementor-grid-item\">\n\t\t\t\t\t\t<div\n\t\t\t\t\t\t\tclass=\"elementor-share-btn elementor-share-btn_twitter\"\n\t\t\t\t\t\t\trole=\"button\"\n\t\t\t\t\t\t\ttabindex=\"0\"\n\t\t\t\t\t\t\taria-label=\"Share on twitter\"\n\t\t\t\t\t\t>\n\t\t\t\t\t\t\t\t\t\t\t\t\t\t\t<span class=\"elementor-share-btn__icon\">\n\t\t\t\t\t\t\t\t<i class=\"fab fa-twitter\" aria-hidden=\"true\"><\/i>\t\t\t\t\t\t\t<\/span>\n\t\t\t\t\t\t\t\t\t\t\t\t\t\t\t\t\t\t\t\t<\/div>\n\t\t\t\t\t<\/div>\n\t\t\t\t\t\t\t\t\t<div class=\"elementor-grid-item\">\n\t\t\t\t\t\t<div\n\t\t\t\t\t\t\tclass=\"elementor-share-btn elementor-share-btn_linkedin\"\n\t\t\t\t\t\t\trole=\"button\"\n\t\t\t\t\t\t\ttabindex=\"0\"\n\t\t\t\t\t\t\taria-label=\"Share on linkedin\"\n\t\t\t\t\t\t>\n\t\t\t\t\t\t\t\t\t\t\t\t\t\t\t<span class=\"elementor-share-btn__icon\">\n\t\t\t\t\t\t\t\t<i class=\"fab fa-linkedin\" aria-hidden=\"true\"><\/i>\t\t\t\t\t\t\t<\/span>\n\t\t\t\t\t\t\t\t\t\t\t\t\t\t\t\t\t\t\t\t<\/div>\n\t\t\t\t\t<\/div>\n\t\t\t\t\t\t\t\t\t<div class=\"elementor-grid-item\">\n\t\t\t\t\t\t<div\n\t\t\t\t\t\t\tclass=\"elementor-share-btn elementor-share-btn_whatsapp\"\n\t\t\t\t\t\t\trole=\"button\"\n\t\t\t\t\t\t\ttabindex=\"0\"\n\t\t\t\t\t\t\taria-label=\"Share on whatsapp\"\n\t\t\t\t\t\t>\n\t\t\t\t\t\t\t\t\t\t\t\t\t\t\t<span class=\"elementor-share-btn__icon\">\n\t\t\t\t\t\t\t\t<i class=\"fab fa-whatsapp\" aria-hidden=\"true\"><\/i>\t\t\t\t\t\t\t<\/span>\n\t\t\t\t\t\t\t\t\t\t\t\t\t\t\t\t\t\t\t\t<\/div>\n\t\t\t\t\t<\/div>\n\t\t\t\t\t\t<\/div>\n\t\t\t\t<\/div>\n\t\t\t\t<\/div>\n\t\t\t\t\t<\/div>\n\t\t<\/div>\n\t\t\t\t\t<\/div>\n\t\t<\/section>\n\t\t\t\t<\/div>\n\t\t","protected":false},"excerpt":{"rendered":"<p>Other Posts Play Foi publicado o Decreto-Lei n.\u00ba 79\/2025, de 21 de maio, que introduz altera\u00e7\u00f5es relevantes ao regime jur\u00eddico do Sistema Nacional de G\u00e1s (SNG) e \u00e0 reserva estrat\u00e9gica de g\u00e1s natural, refor\u00e7ando o compromisso de Portugal com a transi\u00e7\u00e3o energ\u00e9tica e a descarboniza\u00e7\u00e3o da economia, em conson\u00e2ncia com o Plano Nacional Energia e [&hellip;]<\/p>\n","protected":false},"author":5,"featured_media":8534,"comment_status":"open","ping_status":"closed","sticky":false,"template":"elementor_header_footer","format":"standard","meta":{"footnotes":""},"categories":[39,67],"tags":[],"class_list":["post-8532","post","type-post","status-publish","format-standard","has-post-thumbnail","hentry","category-blog-pt-pt","category-novidades"],"yoast_head":"<!-- This site is optimized with the Yoast SEO plugin v23.0 - https:\/\/yoast.com\/wordpress\/plugins\/seo\/ -->\n<title>Portugal | Transi\u00e7\u00e3o Energ\u00e9tica: novo regime jur\u00eddico do Sistema Nacional de G\u00e1s integra gases renov\u00e1veis e refor\u00e7a seguran\u00e7a de abastecimento - OneLegal<\/title>\n<meta name=\"robots\" content=\"index, follow, max-snippet:-1, max-image-preview:large, max-video-preview:-1\" \/>\n<link rel=\"canonical\" href=\"https:\/\/onelegal.pt\/pt-pt\/blog-pt-pt\/portugal-transicao-energetica-novo-regime-juridico-do-sistema-nacional-de-gas-integra-gases-renovaveis-e-reforca-seguranca-de-abastecimento\/\" \/>\n<meta property=\"og:locale\" content=\"pt_PT\" \/>\n<meta property=\"og:type\" content=\"article\" \/>\n<meta property=\"og:title\" content=\"Portugal | Transi\u00e7\u00e3o Energ\u00e9tica: novo regime jur\u00eddico do Sistema Nacional de G\u00e1s integra gases renov\u00e1veis e refor\u00e7a seguran\u00e7a de abastecimento - OneLegal\" \/>\n<meta property=\"og:description\" content=\"Other Posts Play Foi publicado o Decreto-Lei n.\u00ba 79\/2025, de 21 de maio, que introduz altera\u00e7\u00f5es relevantes ao regime jur\u00eddico do Sistema Nacional de G\u00e1s (SNG) e \u00e0 reserva estrat\u00e9gica de g\u00e1s natural, refor\u00e7ando o compromisso de Portugal com a transi\u00e7\u00e3o energ\u00e9tica e a descarboniza\u00e7\u00e3o da economia, em conson\u00e2ncia com o Plano Nacional Energia e [&hellip;]\" \/>\n<meta property=\"og:url\" content=\"https:\/\/onelegal.pt\/pt-pt\/blog-pt-pt\/portugal-transicao-energetica-novo-regime-juridico-do-sistema-nacional-de-gas-integra-gases-renovaveis-e-reforca-seguranca-de-abastecimento\/\" \/>\n<meta property=\"og:site_name\" content=\"OneLegal\" \/>\n<meta property=\"article:publisher\" content=\"https:\/\/www.facebook.com\/onelegal.oficial\" \/>\n<meta property=\"article:published_time\" content=\"2025-05-28T02:13:23+00:00\" \/>\n<meta property=\"article:modified_time\" content=\"2025-05-28T02:15:14+00:00\" \/>\n<meta property=\"og:image\" content=\"https:\/\/onelegal.pt\/wp-content\/uploads\/2025\/05\/Blog-2025-05-28-PT-Min.png\" \/>\n\t<meta property=\"og:image:width\" content=\"668\" \/>\n\t<meta property=\"og:image:height\" content=\"278\" \/>\n\t<meta property=\"og:image:type\" content=\"image\/png\" \/>\n<meta name=\"author\" content=\"Rui Amendoeira\" \/>\n<meta name=\"twitter:card\" content=\"summary_large_image\" \/>\n<meta name=\"twitter:label1\" content=\"Escrito por\" \/>\n\t<meta name=\"twitter:data1\" content=\"Rui Amendoeira\" \/>\n\t<meta name=\"twitter:label2\" content=\"Tempo estimado de leitura\" \/>\n\t<meta name=\"twitter:data2\" content=\"2 minutos\" \/>\n<script type=\"application\/ld+json\" class=\"yoast-schema-graph\">{\"@context\":\"https:\/\/schema.org\",\"@graph\":[{\"@type\":\"Article\",\"@id\":\"https:\/\/onelegal.pt\/pt-pt\/blog-pt-pt\/portugal-transicao-energetica-novo-regime-juridico-do-sistema-nacional-de-gas-integra-gases-renovaveis-e-reforca-seguranca-de-abastecimento\/#article\",\"isPartOf\":{\"@id\":\"https:\/\/onelegal.pt\/pt-pt\/blog-pt-pt\/portugal-transicao-energetica-novo-regime-juridico-do-sistema-nacional-de-gas-integra-gases-renovaveis-e-reforca-seguranca-de-abastecimento\/\"},\"author\":{\"name\":\"Rui Amendoeira\",\"@id\":\"https:\/\/onelegal.pt\/pt-pt\/#\/schema\/person\/6c1fde5a7857610aca6f9a8383d0d76f\"},\"headline\":\"Portugal | Transi\u00e7\u00e3o Energ\u00e9tica: novo regime jur\u00eddico do Sistema Nacional de G\u00e1s integra gases renov\u00e1veis e refor\u00e7a seguran\u00e7a de abastecimento\",\"datePublished\":\"2025-05-28T02:13:23+00:00\",\"dateModified\":\"2025-05-28T02:15:14+00:00\",\"mainEntityOfPage\":{\"@id\":\"https:\/\/onelegal.pt\/pt-pt\/blog-pt-pt\/portugal-transicao-energetica-novo-regime-juridico-do-sistema-nacional-de-gas-integra-gases-renovaveis-e-reforca-seguranca-de-abastecimento\/\"},\"wordCount\":379,\"commentCount\":0,\"publisher\":{\"@id\":\"https:\/\/onelegal.pt\/pt-pt\/#organization\"},\"image\":{\"@id\":\"https:\/\/onelegal.pt\/pt-pt\/blog-pt-pt\/portugal-transicao-energetica-novo-regime-juridico-do-sistema-nacional-de-gas-integra-gases-renovaveis-e-reforca-seguranca-de-abastecimento\/#primaryimage\"},\"thumbnailUrl\":\"https:\/\/onelegal.pt\/wp-content\/uploads\/2025\/05\/Blog-2025-05-28-PT-Min.png\",\"articleSection\":[\"Blog\",\"Novidades\"],\"inLanguage\":\"pt-PT\",\"potentialAction\":[{\"@type\":\"CommentAction\",\"name\":\"Comment\",\"target\":[\"https:\/\/onelegal.pt\/pt-pt\/blog-pt-pt\/portugal-transicao-energetica-novo-regime-juridico-do-sistema-nacional-de-gas-integra-gases-renovaveis-e-reforca-seguranca-de-abastecimento\/#respond\"]}]},{\"@type\":\"WebPage\",\"@id\":\"https:\/\/onelegal.pt\/pt-pt\/blog-pt-pt\/portugal-transicao-energetica-novo-regime-juridico-do-sistema-nacional-de-gas-integra-gases-renovaveis-e-reforca-seguranca-de-abastecimento\/\",\"url\":\"https:\/\/onelegal.pt\/pt-pt\/blog-pt-pt\/portugal-transicao-energetica-novo-regime-juridico-do-sistema-nacional-de-gas-integra-gases-renovaveis-e-reforca-seguranca-de-abastecimento\/\",\"name\":\"Portugal | Transi\u00e7\u00e3o Energ\u00e9tica: novo regime jur\u00eddico do Sistema Nacional de G\u00e1s integra gases renov\u00e1veis e refor\u00e7a seguran\u00e7a de abastecimento - OneLegal\",\"isPartOf\":{\"@id\":\"https:\/\/onelegal.pt\/pt-pt\/#website\"},\"primaryImageOfPage\":{\"@id\":\"https:\/\/onelegal.pt\/pt-pt\/blog-pt-pt\/portugal-transicao-energetica-novo-regime-juridico-do-sistema-nacional-de-gas-integra-gases-renovaveis-e-reforca-seguranca-de-abastecimento\/#primaryimage\"},\"image\":{\"@id\":\"https:\/\/onelegal.pt\/pt-pt\/blog-pt-pt\/portugal-transicao-energetica-novo-regime-juridico-do-sistema-nacional-de-gas-integra-gases-renovaveis-e-reforca-seguranca-de-abastecimento\/#primaryimage\"},\"thumbnailUrl\":\"https:\/\/onelegal.pt\/wp-content\/uploads\/2025\/05\/Blog-2025-05-28-PT-Min.png\",\"datePublished\":\"2025-05-28T02:13:23+00:00\",\"dateModified\":\"2025-05-28T02:15:14+00:00\",\"breadcrumb\":{\"@id\":\"https:\/\/onelegal.pt\/pt-pt\/blog-pt-pt\/portugal-transicao-energetica-novo-regime-juridico-do-sistema-nacional-de-gas-integra-gases-renovaveis-e-reforca-seguranca-de-abastecimento\/#breadcrumb\"},\"inLanguage\":\"pt-PT\",\"potentialAction\":[{\"@type\":\"ReadAction\",\"target\":[\"https:\/\/onelegal.pt\/pt-pt\/blog-pt-pt\/portugal-transicao-energetica-novo-regime-juridico-do-sistema-nacional-de-gas-integra-gases-renovaveis-e-reforca-seguranca-de-abastecimento\/\"]}]},{\"@type\":\"ImageObject\",\"inLanguage\":\"pt-PT\",\"@id\":\"https:\/\/onelegal.pt\/pt-pt\/blog-pt-pt\/portugal-transicao-energetica-novo-regime-juridico-do-sistema-nacional-de-gas-integra-gases-renovaveis-e-reforca-seguranca-de-abastecimento\/#primaryimage\",\"url\":\"https:\/\/onelegal.pt\/wp-content\/uploads\/2025\/05\/Blog-2025-05-28-PT-Min.png\",\"contentUrl\":\"https:\/\/onelegal.pt\/wp-content\/uploads\/2025\/05\/Blog-2025-05-28-PT-Min.png\",\"width\":668,\"height\":278},{\"@type\":\"BreadcrumbList\",\"@id\":\"https:\/\/onelegal.pt\/pt-pt\/blog-pt-pt\/portugal-transicao-energetica-novo-regime-juridico-do-sistema-nacional-de-gas-integra-gases-renovaveis-e-reforca-seguranca-de-abastecimento\/#breadcrumb\",\"itemListElement\":[{\"@type\":\"ListItem\",\"position\":1,\"name\":\"In\u00edcio\",\"item\":\"https:\/\/onelegal.pt\/pt-pt\/\"},{\"@type\":\"ListItem\",\"position\":2,\"name\":\"Portugal | Transi\u00e7\u00e3o Energ\u00e9tica: novo regime jur\u00eddico do Sistema Nacional de G\u00e1s integra gases renov\u00e1veis e refor\u00e7a seguran\u00e7a de abastecimento\"}]},{\"@type\":\"WebSite\",\"@id\":\"https:\/\/onelegal.pt\/pt-pt\/#website\",\"url\":\"https:\/\/onelegal.pt\/pt-pt\/\",\"name\":\"OneLegal\",\"description\":\"\",\"publisher\":{\"@id\":\"https:\/\/onelegal.pt\/pt-pt\/#organization\"},\"potentialAction\":[{\"@type\":\"SearchAction\",\"target\":{\"@type\":\"EntryPoint\",\"urlTemplate\":\"https:\/\/onelegal.pt\/pt-pt\/?s={search_term_string}\"},\"query-input\":\"required name=search_term_string\"}],\"inLanguage\":\"pt-PT\"},{\"@type\":\"Organization\",\"@id\":\"https:\/\/onelegal.pt\/pt-pt\/#organization\",\"name\":\"One Legal\",\"url\":\"https:\/\/onelegal.pt\/pt-pt\/\",\"logo\":{\"@type\":\"ImageObject\",\"inLanguage\":\"pt-PT\",\"@id\":\"https:\/\/onelegal.pt\/pt-pt\/#\/schema\/logo\/image\/\",\"url\":\"https:\/\/onelegal.pt\/wp-content\/uploads\/2022\/01\/Prancheta-2.svg\",\"contentUrl\":\"https:\/\/onelegal.pt\/wp-content\/uploads\/2022\/01\/Prancheta-2.svg\",\"width\":1,\"height\":1,\"caption\":\"One Legal\"},\"image\":{\"@id\":\"https:\/\/onelegal.pt\/pt-pt\/#\/schema\/logo\/image\/\"},\"sameAs\":[\"https:\/\/www.facebook.com\/onelegal.oficial\",\"https:\/\/www.youtube.com\/channel\/UC8K-CmwBq5T8cXxAOLswV7Q\",\"https:\/\/www.linkedin.com\/company\/onelegaloficial\/\"]},{\"@type\":\"Person\",\"@id\":\"https:\/\/onelegal.pt\/pt-pt\/#\/schema\/person\/6c1fde5a7857610aca6f9a8383d0d76f\",\"name\":\"Rui Amendoeira\",\"image\":{\"@type\":\"ImageObject\",\"inLanguage\":\"pt-PT\",\"@id\":\"https:\/\/onelegal.pt\/pt-pt\/#\/schema\/person\/image\/\",\"url\":\"https:\/\/onelegal.pt\/wp-content\/uploads\/2022\/01\/cropped-onelegal-onepeople-4-96x96.jpg\",\"contentUrl\":\"https:\/\/onelegal.pt\/wp-content\/uploads\/2022\/01\/cropped-onelegal-onepeople-4-96x96.jpg\",\"caption\":\"Rui Amendoeira\"},\"url\":\"https:\/\/onelegal.pt\/pt-pt\/author\/rui-amendoeira\/\"}]}<\/script>\n<!-- \/ Yoast SEO plugin. -->","yoast_head_json":{"title":"Portugal | Transi\u00e7\u00e3o Energ\u00e9tica: novo regime jur\u00eddico do Sistema Nacional de G\u00e1s integra gases renov\u00e1veis e refor\u00e7a seguran\u00e7a de abastecimento - OneLegal","robots":{"index":"index","follow":"follow","max-snippet":"max-snippet:-1","max-image-preview":"max-image-preview:large","max-video-preview":"max-video-preview:-1"},"canonical":"https:\/\/onelegal.pt\/pt-pt\/blog-pt-pt\/portugal-transicao-energetica-novo-regime-juridico-do-sistema-nacional-de-gas-integra-gases-renovaveis-e-reforca-seguranca-de-abastecimento\/","og_locale":"pt_PT","og_type":"article","og_title":"Portugal | Transi\u00e7\u00e3o Energ\u00e9tica: novo regime jur\u00eddico do Sistema Nacional de G\u00e1s integra gases renov\u00e1veis e refor\u00e7a seguran\u00e7a de abastecimento - OneLegal","og_description":"Other Posts Play Foi publicado o Decreto-Lei n.\u00ba 79\/2025, de 21 de maio, que introduz altera\u00e7\u00f5es relevantes ao regime jur\u00eddico do Sistema Nacional de G\u00e1s (SNG) e \u00e0 reserva estrat\u00e9gica de g\u00e1s natural, refor\u00e7ando o compromisso de Portugal com a transi\u00e7\u00e3o energ\u00e9tica e a descarboniza\u00e7\u00e3o da economia, em conson\u00e2ncia com o Plano Nacional Energia e [&hellip;]","og_url":"https:\/\/onelegal.pt\/pt-pt\/blog-pt-pt\/portugal-transicao-energetica-novo-regime-juridico-do-sistema-nacional-de-gas-integra-gases-renovaveis-e-reforca-seguranca-de-abastecimento\/","og_site_name":"OneLegal","article_publisher":"https:\/\/www.facebook.com\/onelegal.oficial","article_published_time":"2025-05-28T02:13:23+00:00","article_modified_time":"2025-05-28T02:15:14+00:00","og_image":[{"width":668,"height":278,"url":"https:\/\/onelegal.pt\/wp-content\/uploads\/2025\/05\/Blog-2025-05-28-PT-Min.png","type":"image\/png"}],"author":"Rui Amendoeira","twitter_card":"summary_large_image","twitter_misc":{"Escrito por":"Rui Amendoeira","Tempo estimado de leitura":"2 minutos"},"schema":{"@context":"https:\/\/schema.org","@graph":[{"@type":"Article","@id":"https:\/\/onelegal.pt\/pt-pt\/blog-pt-pt\/portugal-transicao-energetica-novo-regime-juridico-do-sistema-nacional-de-gas-integra-gases-renovaveis-e-reforca-seguranca-de-abastecimento\/#article","isPartOf":{"@id":"https:\/\/onelegal.pt\/pt-pt\/blog-pt-pt\/portugal-transicao-energetica-novo-regime-juridico-do-sistema-nacional-de-gas-integra-gases-renovaveis-e-reforca-seguranca-de-abastecimento\/"},"author":{"name":"Rui Amendoeira","@id":"https:\/\/onelegal.pt\/pt-pt\/#\/schema\/person\/6c1fde5a7857610aca6f9a8383d0d76f"},"headline":"Portugal | Transi\u00e7\u00e3o Energ\u00e9tica: novo regime jur\u00eddico do Sistema Nacional de G\u00e1s integra gases renov\u00e1veis e refor\u00e7a seguran\u00e7a de abastecimento","datePublished":"2025-05-28T02:13:23+00:00","dateModified":"2025-05-28T02:15:14+00:00","mainEntityOfPage":{"@id":"https:\/\/onelegal.pt\/pt-pt\/blog-pt-pt\/portugal-transicao-energetica-novo-regime-juridico-do-sistema-nacional-de-gas-integra-gases-renovaveis-e-reforca-seguranca-de-abastecimento\/"},"wordCount":379,"commentCount":0,"publisher":{"@id":"https:\/\/onelegal.pt\/pt-pt\/#organization"},"image":{"@id":"https:\/\/onelegal.pt\/pt-pt\/blog-pt-pt\/portugal-transicao-energetica-novo-regime-juridico-do-sistema-nacional-de-gas-integra-gases-renovaveis-e-reforca-seguranca-de-abastecimento\/#primaryimage"},"thumbnailUrl":"https:\/\/onelegal.pt\/wp-content\/uploads\/2025\/05\/Blog-2025-05-28-PT-Min.png","articleSection":["Blog","Novidades"],"inLanguage":"pt-PT","potentialAction":[{"@type":"CommentAction","name":"Comment","target":["https:\/\/onelegal.pt\/pt-pt\/blog-pt-pt\/portugal-transicao-energetica-novo-regime-juridico-do-sistema-nacional-de-gas-integra-gases-renovaveis-e-reforca-seguranca-de-abastecimento\/#respond"]}]},{"@type":"WebPage","@id":"https:\/\/onelegal.pt\/pt-pt\/blog-pt-pt\/portugal-transicao-energetica-novo-regime-juridico-do-sistema-nacional-de-gas-integra-gases-renovaveis-e-reforca-seguranca-de-abastecimento\/","url":"https:\/\/onelegal.pt\/pt-pt\/blog-pt-pt\/portugal-transicao-energetica-novo-regime-juridico-do-sistema-nacional-de-gas-integra-gases-renovaveis-e-reforca-seguranca-de-abastecimento\/","name":"Portugal | Transi\u00e7\u00e3o Energ\u00e9tica: novo regime jur\u00eddico do Sistema Nacional de G\u00e1s integra gases renov\u00e1veis e refor\u00e7a seguran\u00e7a de abastecimento - OneLegal","isPartOf":{"@id":"https:\/\/onelegal.pt\/pt-pt\/#website"},"primaryImageOfPage":{"@id":"https:\/\/onelegal.pt\/pt-pt\/blog-pt-pt\/portugal-transicao-energetica-novo-regime-juridico-do-sistema-nacional-de-gas-integra-gases-renovaveis-e-reforca-seguranca-de-abastecimento\/#primaryimage"},"image":{"@id":"https:\/\/onelegal.pt\/pt-pt\/blog-pt-pt\/portugal-transicao-energetica-novo-regime-juridico-do-sistema-nacional-de-gas-integra-gases-renovaveis-e-reforca-seguranca-de-abastecimento\/#primaryimage"},"thumbnailUrl":"https:\/\/onelegal.pt\/wp-content\/uploads\/2025\/05\/Blog-2025-05-28-PT-Min.png","datePublished":"2025-05-28T02:13:23+00:00","dateModified":"2025-05-28T02:15:14+00:00","breadcrumb":{"@id":"https:\/\/onelegal.pt\/pt-pt\/blog-pt-pt\/portugal-transicao-energetica-novo-regime-juridico-do-sistema-nacional-de-gas-integra-gases-renovaveis-e-reforca-seguranca-de-abastecimento\/#breadcrumb"},"inLanguage":"pt-PT","potentialAction":[{"@type":"ReadAction","target":["https:\/\/onelegal.pt\/pt-pt\/blog-pt-pt\/portugal-transicao-energetica-novo-regime-juridico-do-sistema-nacional-de-gas-integra-gases-renovaveis-e-reforca-seguranca-de-abastecimento\/"]}]},{"@type":"ImageObject","inLanguage":"pt-PT","@id":"https:\/\/onelegal.pt\/pt-pt\/blog-pt-pt\/portugal-transicao-energetica-novo-regime-juridico-do-sistema-nacional-de-gas-integra-gases-renovaveis-e-reforca-seguranca-de-abastecimento\/#primaryimage","url":"https:\/\/onelegal.pt\/wp-content\/uploads\/2025\/05\/Blog-2025-05-28-PT-Min.png","contentUrl":"https:\/\/onelegal.pt\/wp-content\/uploads\/2025\/05\/Blog-2025-05-28-PT-Min.png","width":668,"height":278},{"@type":"BreadcrumbList","@id":"https:\/\/onelegal.pt\/pt-pt\/blog-pt-pt\/portugal-transicao-energetica-novo-regime-juridico-do-sistema-nacional-de-gas-integra-gases-renovaveis-e-reforca-seguranca-de-abastecimento\/#breadcrumb","itemListElement":[{"@type":"ListItem","position":1,"name":"In\u00edcio","item":"https:\/\/onelegal.pt\/pt-pt\/"},{"@type":"ListItem","position":2,"name":"Portugal | Transi\u00e7\u00e3o Energ\u00e9tica: novo regime jur\u00eddico do Sistema Nacional de G\u00e1s integra gases renov\u00e1veis e refor\u00e7a seguran\u00e7a de abastecimento"}]},{"@type":"WebSite","@id":"https:\/\/onelegal.pt\/pt-pt\/#website","url":"https:\/\/onelegal.pt\/pt-pt\/","name":"OneLegal","description":"","publisher":{"@id":"https:\/\/onelegal.pt\/pt-pt\/#organization"},"potentialAction":[{"@type":"SearchAction","target":{"@type":"EntryPoint","urlTemplate":"https:\/\/onelegal.pt\/pt-pt\/?s={search_term_string}"},"query-input":"required name=search_term_string"}],"inLanguage":"pt-PT"},{"@type":"Organization","@id":"https:\/\/onelegal.pt\/pt-pt\/#organization","name":"One Legal","url":"https:\/\/onelegal.pt\/pt-pt\/","logo":{"@type":"ImageObject","inLanguage":"pt-PT","@id":"https:\/\/onelegal.pt\/pt-pt\/#\/schema\/logo\/image\/","url":"https:\/\/onelegal.pt\/wp-content\/uploads\/2022\/01\/Prancheta-2.svg","contentUrl":"https:\/\/onelegal.pt\/wp-content\/uploads\/2022\/01\/Prancheta-2.svg","width":1,"height":1,"caption":"One Legal"},"image":{"@id":"https:\/\/onelegal.pt\/pt-pt\/#\/schema\/logo\/image\/"},"sameAs":["https:\/\/www.facebook.com\/onelegal.oficial","https:\/\/www.youtube.com\/channel\/UC8K-CmwBq5T8cXxAOLswV7Q","https:\/\/www.linkedin.com\/company\/onelegaloficial\/"]},{"@type":"Person","@id":"https:\/\/onelegal.pt\/pt-pt\/#\/schema\/person\/6c1fde5a7857610aca6f9a8383d0d76f","name":"Rui Amendoeira","image":{"@type":"ImageObject","inLanguage":"pt-PT","@id":"https:\/\/onelegal.pt\/pt-pt\/#\/schema\/person\/image\/","url":"https:\/\/onelegal.pt\/wp-content\/uploads\/2022\/01\/cropped-onelegal-onepeople-4-96x96.jpg","contentUrl":"https:\/\/onelegal.pt\/wp-content\/uploads\/2022\/01\/cropped-onelegal-onepeople-4-96x96.jpg","caption":"Rui Amendoeira"},"url":"https:\/\/onelegal.pt\/pt-pt\/author\/rui-amendoeira\/"}]}},"_links":{"self":[{"href":"https:\/\/onelegal.pt\/pt-pt\/wp-json\/wp\/v2\/posts\/8532","targetHints":{"allow":["GET"]}}],"collection":[{"href":"https:\/\/onelegal.pt\/pt-pt\/wp-json\/wp\/v2\/posts"}],"about":[{"href":"https:\/\/onelegal.pt\/pt-pt\/wp-json\/wp\/v2\/types\/post"}],"author":[{"embeddable":true,"href":"https:\/\/onelegal.pt\/pt-pt\/wp-json\/wp\/v2\/users\/5"}],"replies":[{"embeddable":true,"href":"https:\/\/onelegal.pt\/pt-pt\/wp-json\/wp\/v2\/comments?post=8532"}],"version-history":[{"count":4,"href":"https:\/\/onelegal.pt\/pt-pt\/wp-json\/wp\/v2\/posts\/8532\/revisions"}],"predecessor-version":[{"id":8540,"href":"https:\/\/onelegal.pt\/pt-pt\/wp-json\/wp\/v2\/posts\/8532\/revisions\/8540"}],"wp:featuredmedia":[{"embeddable":true,"href":"https:\/\/onelegal.pt\/pt-pt\/wp-json\/wp\/v2\/media\/8534"}],"wp:attachment":[{"href":"https:\/\/onelegal.pt\/pt-pt\/wp-json\/wp\/v2\/media?parent=8532"}],"wp:term":[{"taxonomy":"category","embeddable":true,"href":"https:\/\/onelegal.pt\/pt-pt\/wp-json\/wp\/v2\/categories?post=8532"},{"taxonomy":"post_tag","embeddable":true,"href":"https:\/\/onelegal.pt\/pt-pt\/wp-json\/wp\/v2\/tags?post=8532"}],"curies":[{"name":"wp","href":"https:\/\/api.w.org\/{rel}","templated":true}]}}