{"id":8478,"date":"2025-04-23T04:09:16","date_gmt":"2025-04-23T03:09:16","guid":{"rendered":"https:\/\/onelegal.pt\/?p=8478"},"modified":"2025-04-23T04:10:59","modified_gmt":"2025-04-23T03:10:59","slug":"portugal-lei-n-o-37-2025-de-2025-03-31-possibilita-que-familiares-e-pessoas-candidatas-a-adocao-possam-ser-familias-de-acolhimento-e-reforca-os-direitos-das-criancas-e-jovens-em-acolhimento","status":"publish","type":"post","link":"https:\/\/onelegal.pt\/pt-pt\/blog-pt-pt\/portugal-lei-n-o-37-2025-de-2025-03-31-possibilita-que-familiares-e-pessoas-candidatas-a-adocao-possam-ser-familias-de-acolhimento-e-reforca-os-direitos-das-criancas-e-jovens-em-acolhimento\/","title":{"rendered":"Portugal | Lei n.\u00ba 37\/2025 de 2025-03-31 \u2013 Possibilita que familiares e pessoas candidatas \u00e0 ado\u00e7\u00e3o possam ser fam\u00edlias de acolhimento e refor\u00e7a os direitos das crian\u00e7as e jovens em acolhimento"},"content":{"rendered":"\t\t<div data-elementor-type=\"wp-post\" data-elementor-id=\"8478\" class=\"elementor elementor-8478\" data-elementor-post-type=\"post\">\n\t\t\t\t\t\t<section class=\"elementor-section elementor-top-section elementor-element elementor-element-50804ee elementor-section-boxed elementor-section-height-default elementor-section-height-default\" data-id=\"50804ee\" data-element_type=\"section\">\n\t\t\t\t\t\t<div class=\"elementor-container elementor-column-gap-default\">\n\t\t\t\t\t<div class=\"elementor-column elementor-col-100 elementor-top-column elementor-element elementor-element-d9f8f5e\" data-id=\"d9f8f5e\" data-element_type=\"column\">\n\t\t\t<div class=\"elementor-widget-wrap elementor-element-populated\">\n\t\t\t\t\t\t<div class=\"elementor-element elementor-element-1764073 bt-links esq elementor-widget elementor-widget-button\" data-id=\"1764073\" data-element_type=\"widget\" data-widget_type=\"button.default\">\n\t\t\t\t<div class=\"elementor-widget-container\">\n\t\t\t\t\t<div class=\"elementor-button-wrapper\">\n\t\t\t<a class=\"elementor-button elementor-button-link elementor-size-md\" href=\"https:\/\/onelegal.pt\/blog\/\">\n\t\t\t\t\t\t<span class=\"elementor-button-content-wrapper\">\n\t\t\t\t\t\t\t\t\t<span class=\"elementor-button-text\"><div class=\"ic-arrow\"><\/div>Other Posts<\/span>\n\t\t\t\t\t<\/span>\n\t\t\t\t\t<\/a>\n\t\t<\/div>\n\t\t\t\t<\/div>\n\t\t\t\t<\/div>\n\t\t\t\t<div class=\"elementor-element elementor-element-516be33 videofoto elementor-skin-carousel elementor-widget elementor-widget-media-carousel\" data-id=\"516be33\" data-element_type=\"widget\" data-settings=\"{&quot;slides_per_view&quot;:&quot;1&quot;,&quot;skin&quot;:&quot;carousel&quot;,&quot;effect&quot;:&quot;slide&quot;,&quot;speed&quot;:500,&quot;autoplay&quot;:&quot;yes&quot;,&quot;autoplay_speed&quot;:5000,&quot;loop&quot;:&quot;yes&quot;,&quot;pause_on_hover&quot;:&quot;yes&quot;,&quot;pause_on_interaction&quot;:&quot;yes&quot;,&quot;space_between&quot;:{&quot;unit&quot;:&quot;px&quot;,&quot;size&quot;:10,&quot;sizes&quot;:[]},&quot;space_between_tablet&quot;:{&quot;unit&quot;:&quot;px&quot;,&quot;size&quot;:10,&quot;sizes&quot;:[]},&quot;space_between_mobile&quot;:{&quot;unit&quot;:&quot;px&quot;,&quot;size&quot;:10,&quot;sizes&quot;:[]}}\" data-widget_type=\"media-carousel.default\">\n\t\t\t\t<div class=\"elementor-widget-container\">\n\t\t\t<link rel=\"stylesheet\" href=\"https:\/\/onelegal.pt\/wp-content\/plugins\/pro-elements\/assets\/css\/widget-carousel.min.css\">\t\t<div class=\"elementor-swiper\">\n\t\t\t<div class=\"elementor-main-swiper swiper\">\n\t\t\t\t<div class=\"swiper-wrapper\">\n\t\t\t\t\t\t\t\t\t\t\t<div class=\"swiper-slide\">\n\t\t\t\t\t\t\t<a href=\"https:\/\/onelegal.pt\/wp-content\/uploads\/2025\/04\/Blog-2025-04-23-PT.png\" data-elementor-open-lightbox=\"yes\" data-elementor-lightbox-slideshow=\"516be33\" data-elementor-lightbox-title=\"Blog 2025 04 23 PT\" data-e-action-hash=\"#elementor-action%3Aaction%3Dlightbox%26settings%3DeyJpZCI6ODQ4MiwidXJsIjoiaHR0cHM6XC9cL29uZWxlZ2FsLnB0XC93cC1jb250ZW50XC91cGxvYWRzXC8yMDI1XC8wNFwvQmxvZy0yMDI1LTA0LTIzLVBULnBuZyIsInNsaWRlc2hvdyI6IjUxNmJlMzMifQ%3D%3D\" data-elementor-lightbox-video=\"\">\t\t<div class=\"elementor-carousel-image\" role=\"img\" aria-label=\"Blog 2025 04 23 PT\" style=\"background-image: url(&#039;https:\/\/onelegal.pt\/wp-content\/uploads\/2025\/04\/Blog-2025-04-23-PT.png&#039;)\">\n\n\t\t\t\n\t\t\t\t\t\t\t<div class=\"elementor-custom-embed-play\">\n\t\t\t\t\t<i aria-hidden=\"true\" class=\"eicon-play\"><\/i>\t\t\t\t\t<span class=\"elementor-screen-only\">Play<\/span>\n\t\t\t\t<\/div>\n\t\t\t\t\t<\/div>\n\t\t<\/a>\t\t\t\t\t\t<\/div>\n\t\t\t\t\t\t\t\t\t<\/div>\n\t\t\t\t\t\t\t<\/div>\n\t\t<\/div>\n\t\t\t\t<\/div>\n\t\t\t\t<\/div>\n\t\t\t\t\t<\/div>\n\t\t<\/div>\n\t\t\t\t\t<\/div>\n\t\t<\/section>\n\t\t\t\t<section class=\"elementor-section elementor-top-section elementor-element elementor-element-5781a55 elementor-section-boxed elementor-section-height-default elementor-section-height-default\" data-id=\"5781a55\" data-element_type=\"section\">\n\t\t\t\t\t\t<div class=\"elementor-container elementor-column-gap-default\">\n\t\t\t\t\t<div class=\"elementor-column elementor-col-100 elementor-top-column elementor-element elementor-element-b13b9ed\" data-id=\"b13b9ed\" data-element_type=\"column\">\n\t\t\t<div class=\"elementor-widget-wrap elementor-element-populated\">\n\t\t\t\t\t\t<div class=\"elementor-element elementor-element-5b02df7 elementor-widget elementor-widget-heading\" data-id=\"5b02df7\" data-element_type=\"widget\" data-widget_type=\"heading.default\">\n\t\t\t\t<div class=\"elementor-widget-container\">\n\t\t\t<style>\/*! elementor - v3.23.0 - 15-07-2024 *\/\n.elementor-heading-title{padding:0;margin:0;line-height:1}.elementor-widget-heading .elementor-heading-title[class*=elementor-size-]>a{color:inherit;font-size:inherit;line-height:inherit}.elementor-widget-heading .elementor-heading-title.elementor-size-small{font-size:15px}.elementor-widget-heading .elementor-heading-title.elementor-size-medium{font-size:19px}.elementor-widget-heading .elementor-heading-title.elementor-size-large{font-size:29px}.elementor-widget-heading .elementor-heading-title.elementor-size-xl{font-size:39px}.elementor-widget-heading .elementor-heading-title.elementor-size-xxl{font-size:59px}<\/style><h3 class=\"elementor-heading-title elementor-size-default\">23\/04\/2025<\/h3>\t\t<\/div>\n\t\t\t\t<\/div>\n\t\t\t\t<div class=\"elementor-element elementor-element-2e4e4d8 elementor-widget elementor-widget-heading\" data-id=\"2e4e4d8\" data-element_type=\"widget\" data-widget_type=\"heading.default\">\n\t\t\t\t<div class=\"elementor-widget-container\">\n\t\t\t<h2 class=\"elementor-heading-title elementor-size-default\">Portugal | Lei n.\u00ba 37\/2025 de 2025-03-31 \u2013 Possibilita que familiares e pessoas candidatas \u00e0 ado\u00e7\u00e3o possam ser fam\u00edlias de acolhimento e refor\u00e7a os direitos das crian\u00e7as e jovens em acolhimento<\/h2>\t\t<\/div>\n\t\t\t\t<\/div>\n\t\t\t\t<div class=\"elementor-element elementor-element-b17eebf elementor-author-box--align-left elementor-author-box--image-valign-middle elementor-author-box--layout-image-left elementor-author-box--avatar-yes elementor-author-box--name-yes elementor-author-box--biography-yes elementor-author-box--link-no elementor-widget elementor-widget-author-box\" data-id=\"b17eebf\" data-element_type=\"widget\" data-widget_type=\"author-box.default\">\n\t\t\t\t<div class=\"elementor-widget-container\">\n\t\t\t<link rel=\"stylesheet\" href=\"https:\/\/onelegal.pt\/wp-content\/plugins\/pro-elements\/assets\/css\/widget-theme-elements.min.css\">\t\t<div class=\"elementor-author-box\">\n\t\t\t\t\t\t\t<div  class=\"elementor-author-box__avatar\">\n\t\t\t\t\t<img decoding=\"async\" src=\"https:\/\/onelegal.pt\/wp-content\/uploads\/2022\/01\/cropped-onelegal-onepeople-4-300x300.jpg\" alt=\"Picture of Rui Amendoeira\" loading=\"lazy\">\n\t\t\t\t<\/div>\n\t\t\t\n\t\t\t<div class=\"elementor-author-box__text\">\n\t\t\t\t\t\t\t\t\t<div >\n\t\t\t\t\t\t<span class=\"elementor-author-box__name\">\n\t\t\t\t\t\t\tRui Amendoeira\t\t\t\t\t\t<\/span>\n\t\t\t\t\t<\/div>\n\t\t\t\t\n\t\t\t\t\t\t\t\t\t<div class=\"elementor-author-box__bio\">\n\t\t\t\t\t\t\t\t\t\t\t<\/div>\n\t\t\t\t\n\t\t\t\t\t\t\t<\/div>\n\t\t<\/div>\n\t\t\t\t<\/div>\n\t\t\t\t<\/div>\n\t\t\t\t<div class=\"elementor-element elementor-element-181dd8d elementor-widget elementor-widget-text-editor\" data-id=\"181dd8d\" data-element_type=\"widget\" data-widget_type=\"text-editor.default\">\n\t\t\t\t<div class=\"elementor-widget-container\">\n\t\t\t<style>\/*! elementor - v3.23.0 - 15-07-2024 *\/\n.elementor-widget-text-editor.elementor-drop-cap-view-stacked .elementor-drop-cap{background-color:#69727d;color:#fff}.elementor-widget-text-editor.elementor-drop-cap-view-framed .elementor-drop-cap{color:#69727d;border:3px solid;background-color:transparent}.elementor-widget-text-editor:not(.elementor-drop-cap-view-default) .elementor-drop-cap{margin-top:8px}.elementor-widget-text-editor:not(.elementor-drop-cap-view-default) .elementor-drop-cap-letter{width:1em;height:1em}.elementor-widget-text-editor .elementor-drop-cap{float:left;text-align:center;line-height:1;font-size:50px}.elementor-widget-text-editor .elementor-drop-cap-letter{display:inline-block}<\/style>\t\t\t\t<p>No passado dia 31 de mar\u00e7o, foi publicada a Lei n.\u00ba 37\/2025, introduzindo altera\u00e7\u00f5es significativas no regime de prote\u00e7\u00e3o de crian\u00e7as e jovens em perigo, com especial enfoque no acolhimento familiar.<\/p><p>Este diploma procede \u00e0 s\u00e9tima altera\u00e7\u00e3o \u00e0 Lei n.\u00ba 147\/99, de 1 de setembro, refor\u00e7ando os direitos das crian\u00e7as e jovens, assumindo o acolhimento familiar como medida preferencial nas situa\u00e7\u00f5es em que seja necess\u00e1rio afastamento do meio habitual, e definindo os termos da eventual ajuda econ\u00f3mica a atribuir a outros familiares ou a pessoa id\u00f3nea, conforme previsto no Decreto-Lei n.\u00ba 139\/2019, de 16 de setembro. Adicionalmente, estabelece-se que cabe \u00e0 entidade p\u00fablica respons\u00e1vel desencadear a interven\u00e7\u00e3o sempre que exista uma situa\u00e7\u00e3o de perigo.<\/p><p>A Lei n.\u00ba 37\/2025 procede ainda \u00e0 segunda altera\u00e7\u00e3o ao Decreto-Lei n.\u00ba 139\/2019, de 16 de setembro, revogando a anterior impossibilidade de haver grau de parentesco ou candidatura \u00e0 ado\u00e7\u00e3o no \u00e2mbito dos crit\u00e9rios de elegibilidade para fam\u00edlia de acolhimento. Esta altera\u00e7\u00e3o permite, assim, que familiares ou pessoas candidatas \u00e0 ado\u00e7\u00e3o possam ser designadas como fam\u00edlias de acolhimento, sempre no respeito pelo princ\u00edpio do superior interesse da crian\u00e7a.<\/p><p>Por fim, a legisla\u00e7\u00e3o determina a revis\u00e3o da Portaria n.\u00ba 278-A\/2020, permitindo que o regime de candidatura, sele\u00e7\u00e3o e avalia\u00e7\u00e3o das fam\u00edlias de acolhimento passe a incluir candidatos a ado\u00e7\u00e3o, desde que respeitado o superior interesse da crian\u00e7a.<\/p><p>Com esta reforma legislativa, pretende-se n\u00e3o s\u00f3 proporcionar solu\u00e7\u00f5es mais humanas e adaptadas \u00e0s necessidades das crian\u00e7as e jovens em situa\u00e7\u00e3o de risco, mas tamb\u00e9m aproximar o acolhimento da realidade familiar e afetiva que contribui para o seu desenvolvimento saud\u00e1vel.<\/p>\t\t\t\t\t\t<\/div>\n\t\t\t\t<\/div>\n\t\t\t\t<div class=\"elementor-element elementor-element-b231f4c elementor-widget elementor-widget-heading\" data-id=\"b231f4c\" data-element_type=\"widget\" data-widget_type=\"heading.default\">\n\t\t\t\t<div class=\"elementor-widget-container\">\n\t\t\t<h3 class=\"elementor-heading-title elementor-size-default\">SHARE<\/h3>\t\t<\/div>\n\t\t\t\t<\/div>\n\t\t\t\t<div class=\"elementor-element elementor-element-a8440de elementor-share-buttons--view-icon elementor-share-buttons--skin-minimal elementor-share-buttons--shape-circle elementor-share-buttons--color-custom elementor-grid-0 elementor-widget elementor-widget-share-buttons\" data-id=\"a8440de\" data-element_type=\"widget\" data-widget_type=\"share-buttons.default\">\n\t\t\t\t<div class=\"elementor-widget-container\">\n\t\t\t<link rel=\"stylesheet\" href=\"https:\/\/onelegal.pt\/wp-content\/plugins\/pro-elements\/assets\/css\/widget-share-buttons.min.css\">\t\t<div class=\"elementor-grid\">\n\t\t\t\t\t\t\t\t<div class=\"elementor-grid-item\">\n\t\t\t\t\t\t<div\n\t\t\t\t\t\t\tclass=\"elementor-share-btn elementor-share-btn_facebook\"\n\t\t\t\t\t\t\trole=\"button\"\n\t\t\t\t\t\t\ttabindex=\"0\"\n\t\t\t\t\t\t\taria-label=\"Share on facebook\"\n\t\t\t\t\t\t>\n\t\t\t\t\t\t\t\t\t\t\t\t\t\t\t<span class=\"elementor-share-btn__icon\">\n\t\t\t\t\t\t\t\t<i class=\"fab fa-facebook\" aria-hidden=\"true\"><\/i>\t\t\t\t\t\t\t<\/span>\n\t\t\t\t\t\t\t\t\t\t\t\t\t\t\t\t\t\t\t\t<\/div>\n\t\t\t\t\t<\/div>\n\t\t\t\t\t\t\t\t\t<div class=\"elementor-grid-item\">\n\t\t\t\t\t\t<div\n\t\t\t\t\t\t\tclass=\"elementor-share-btn elementor-share-btn_twitter\"\n\t\t\t\t\t\t\trole=\"button\"\n\t\t\t\t\t\t\ttabindex=\"0\"\n\t\t\t\t\t\t\taria-label=\"Share on twitter\"\n\t\t\t\t\t\t>\n\t\t\t\t\t\t\t\t\t\t\t\t\t\t\t<span class=\"elementor-share-btn__icon\">\n\t\t\t\t\t\t\t\t<i class=\"fab fa-twitter\" aria-hidden=\"true\"><\/i>\t\t\t\t\t\t\t<\/span>\n\t\t\t\t\t\t\t\t\t\t\t\t\t\t\t\t\t\t\t\t<\/div>\n\t\t\t\t\t<\/div>\n\t\t\t\t\t\t\t\t\t<div class=\"elementor-grid-item\">\n\t\t\t\t\t\t<div\n\t\t\t\t\t\t\tclass=\"elementor-share-btn elementor-share-btn_linkedin\"\n\t\t\t\t\t\t\trole=\"button\"\n\t\t\t\t\t\t\ttabindex=\"0\"\n\t\t\t\t\t\t\taria-label=\"Share on linkedin\"\n\t\t\t\t\t\t>\n\t\t\t\t\t\t\t\t\t\t\t\t\t\t\t<span class=\"elementor-share-btn__icon\">\n\t\t\t\t\t\t\t\t<i class=\"fab fa-linkedin\" aria-hidden=\"true\"><\/i>\t\t\t\t\t\t\t<\/span>\n\t\t\t\t\t\t\t\t\t\t\t\t\t\t\t\t\t\t\t\t<\/div>\n\t\t\t\t\t<\/div>\n\t\t\t\t\t\t\t\t\t<div class=\"elementor-grid-item\">\n\t\t\t\t\t\t<div\n\t\t\t\t\t\t\tclass=\"elementor-share-btn elementor-share-btn_whatsapp\"\n\t\t\t\t\t\t\trole=\"button\"\n\t\t\t\t\t\t\ttabindex=\"0\"\n\t\t\t\t\t\t\taria-label=\"Share on whatsapp\"\n\t\t\t\t\t\t>\n\t\t\t\t\t\t\t\t\t\t\t\t\t\t\t<span class=\"elementor-share-btn__icon\">\n\t\t\t\t\t\t\t\t<i class=\"fab fa-whatsapp\" aria-hidden=\"true\"><\/i>\t\t\t\t\t\t\t<\/span>\n\t\t\t\t\t\t\t\t\t\t\t\t\t\t\t\t\t\t\t\t<\/div>\n\t\t\t\t\t<\/div>\n\t\t\t\t\t\t<\/div>\n\t\t\t\t<\/div>\n\t\t\t\t<\/div>\n\t\t\t\t\t<\/div>\n\t\t<\/div>\n\t\t\t\t\t<\/div>\n\t\t<\/section>\n\t\t\t\t<\/div>\n\t\t","protected":false},"excerpt":{"rendered":"<p>Other Posts Play No passado dia 31 de mar\u00e7o, foi publicada a Lei n.\u00ba 37\/2025, introduzindo altera\u00e7\u00f5es significativas no regime de prote\u00e7\u00e3o de crian\u00e7as e jovens em perigo, com especial enfoque no acolhimento familiar. Este diploma procede \u00e0 s\u00e9tima altera\u00e7\u00e3o \u00e0 Lei n.\u00ba 147\/99, de 1 de setembro, refor\u00e7ando os direitos das crian\u00e7as e jovens, [&hellip;]<\/p>\n","protected":false},"author":5,"featured_media":8480,"comment_status":"open","ping_status":"closed","sticky":false,"template":"elementor_header_footer","format":"standard","meta":{"footnotes":""},"categories":[39,67],"tags":[],"class_list":["post-8478","post","type-post","status-publish","format-standard","has-post-thumbnail","hentry","category-blog-pt-pt","category-novidades"],"yoast_head":"<!-- This site is optimized with the Yoast SEO plugin v23.0 - https:\/\/yoast.com\/wordpress\/plugins\/seo\/ -->\n<title>Portugal | Lei n.\u00ba 37\/2025 de 2025-03-31 \u2013 Possibilita que familiares e pessoas candidatas \u00e0 ado\u00e7\u00e3o possam ser fam\u00edlias de acolhimento e refor\u00e7a os direitos das crian\u00e7as e jovens em acolhimento - OneLegal<\/title>\n<meta name=\"robots\" content=\"index, follow, max-snippet:-1, max-image-preview:large, max-video-preview:-1\" \/>\n<link rel=\"canonical\" href=\"https:\/\/onelegal.pt\/pt-pt\/blog-pt-pt\/portugal-lei-n-o-37-2025-de-2025-03-31-possibilita-que-familiares-e-pessoas-candidatas-a-adocao-possam-ser-familias-de-acolhimento-e-reforca-os-direitos-das-criancas-e-jovens-em-acolhimento\/\" \/>\n<meta property=\"og:locale\" content=\"pt_PT\" \/>\n<meta property=\"og:type\" content=\"article\" \/>\n<meta property=\"og:title\" content=\"Portugal | Lei n.\u00ba 37\/2025 de 2025-03-31 \u2013 Possibilita que familiares e pessoas candidatas \u00e0 ado\u00e7\u00e3o possam ser fam\u00edlias de acolhimento e refor\u00e7a os direitos das crian\u00e7as e jovens em acolhimento - OneLegal\" \/>\n<meta property=\"og:description\" content=\"Other Posts Play No passado dia 31 de mar\u00e7o, foi publicada a Lei n.\u00ba 37\/2025, introduzindo altera\u00e7\u00f5es significativas no regime de prote\u00e7\u00e3o de crian\u00e7as e jovens em perigo, com especial enfoque no acolhimento familiar. Este diploma procede \u00e0 s\u00e9tima altera\u00e7\u00e3o \u00e0 Lei n.\u00ba 147\/99, de 1 de setembro, refor\u00e7ando os direitos das crian\u00e7as e jovens, [&hellip;]\" \/>\n<meta property=\"og:url\" content=\"https:\/\/onelegal.pt\/pt-pt\/blog-pt-pt\/portugal-lei-n-o-37-2025-de-2025-03-31-possibilita-que-familiares-e-pessoas-candidatas-a-adocao-possam-ser-familias-de-acolhimento-e-reforca-os-direitos-das-criancas-e-jovens-em-acolhimento\/\" \/>\n<meta property=\"og:site_name\" content=\"OneLegal\" \/>\n<meta property=\"article:publisher\" content=\"https:\/\/www.facebook.com\/onelegal.oficial\" \/>\n<meta property=\"article:published_time\" content=\"2025-04-23T03:09:16+00:00\" \/>\n<meta property=\"article:modified_time\" content=\"2025-04-23T03:10:59+00:00\" \/>\n<meta property=\"og:image\" content=\"https:\/\/onelegal.pt\/wp-content\/uploads\/2025\/04\/Blog-2025-04-23-PT-Min.png\" \/>\n\t<meta property=\"og:image:width\" content=\"668\" \/>\n\t<meta property=\"og:image:height\" content=\"278\" \/>\n\t<meta property=\"og:image:type\" content=\"image\/png\" \/>\n<meta name=\"author\" content=\"Rui Amendoeira\" \/>\n<meta name=\"twitter:card\" content=\"summary_large_image\" \/>\n<meta name=\"twitter:label1\" content=\"Escrito por\" \/>\n\t<meta name=\"twitter:data1\" content=\"Rui Amendoeira\" \/>\n\t<meta name=\"twitter:label2\" content=\"Tempo estimado de leitura\" \/>\n\t<meta name=\"twitter:data2\" content=\"2 minutos\" \/>\n<script type=\"application\/ld+json\" class=\"yoast-schema-graph\">{\"@context\":\"https:\/\/schema.org\",\"@graph\":[{\"@type\":\"Article\",\"@id\":\"https:\/\/onelegal.pt\/pt-pt\/blog-pt-pt\/portugal-lei-n-o-37-2025-de-2025-03-31-possibilita-que-familiares-e-pessoas-candidatas-a-adocao-possam-ser-familias-de-acolhimento-e-reforca-os-direitos-das-criancas-e-jovens-em-acolhimento\/#article\",\"isPartOf\":{\"@id\":\"https:\/\/onelegal.pt\/pt-pt\/blog-pt-pt\/portugal-lei-n-o-37-2025-de-2025-03-31-possibilita-que-familiares-e-pessoas-candidatas-a-adocao-possam-ser-familias-de-acolhimento-e-reforca-os-direitos-das-criancas-e-jovens-em-acolhimento\/\"},\"author\":{\"name\":\"Rui Amendoeira\",\"@id\":\"https:\/\/onelegal.pt\/pt-pt\/#\/schema\/person\/6c1fde5a7857610aca6f9a8383d0d76f\"},\"headline\":\"Portugal | Lei n.\u00ba 37\/2025 de 2025-03-31 \u2013 Possibilita que familiares e pessoas candidatas \u00e0 ado\u00e7\u00e3o possam ser fam\u00edlias de acolhimento e refor\u00e7a os direitos das crian\u00e7as e jovens em acolhimento\",\"datePublished\":\"2025-04-23T03:09:16+00:00\",\"dateModified\":\"2025-04-23T03:10:59+00:00\",\"mainEntityOfPage\":{\"@id\":\"https:\/\/onelegal.pt\/pt-pt\/blog-pt-pt\/portugal-lei-n-o-37-2025-de-2025-03-31-possibilita-que-familiares-e-pessoas-candidatas-a-adocao-possam-ser-familias-de-acolhimento-e-reforca-os-direitos-das-criancas-e-jovens-em-acolhimento\/\"},\"wordCount\":319,\"commentCount\":0,\"publisher\":{\"@id\":\"https:\/\/onelegal.pt\/pt-pt\/#organization\"},\"image\":{\"@id\":\"https:\/\/onelegal.pt\/pt-pt\/blog-pt-pt\/portugal-lei-n-o-37-2025-de-2025-03-31-possibilita-que-familiares-e-pessoas-candidatas-a-adocao-possam-ser-familias-de-acolhimento-e-reforca-os-direitos-das-criancas-e-jovens-em-acolhimento\/#primaryimage\"},\"thumbnailUrl\":\"https:\/\/onelegal.pt\/wp-content\/uploads\/2025\/04\/Blog-2025-04-23-PT-Min.png\",\"articleSection\":[\"Blog\",\"Novidades\"],\"inLanguage\":\"pt-PT\",\"potentialAction\":[{\"@type\":\"CommentAction\",\"name\":\"Comment\",\"target\":[\"https:\/\/onelegal.pt\/pt-pt\/blog-pt-pt\/portugal-lei-n-o-37-2025-de-2025-03-31-possibilita-que-familiares-e-pessoas-candidatas-a-adocao-possam-ser-familias-de-acolhimento-e-reforca-os-direitos-das-criancas-e-jovens-em-acolhimento\/#respond\"]}]},{\"@type\":\"WebPage\",\"@id\":\"https:\/\/onelegal.pt\/pt-pt\/blog-pt-pt\/portugal-lei-n-o-37-2025-de-2025-03-31-possibilita-que-familiares-e-pessoas-candidatas-a-adocao-possam-ser-familias-de-acolhimento-e-reforca-os-direitos-das-criancas-e-jovens-em-acolhimento\/\",\"url\":\"https:\/\/onelegal.pt\/pt-pt\/blog-pt-pt\/portugal-lei-n-o-37-2025-de-2025-03-31-possibilita-que-familiares-e-pessoas-candidatas-a-adocao-possam-ser-familias-de-acolhimento-e-reforca-os-direitos-das-criancas-e-jovens-em-acolhimento\/\",\"name\":\"Portugal | Lei n.\u00ba 37\/2025 de 2025-03-31 \u2013 Possibilita que familiares e pessoas candidatas \u00e0 ado\u00e7\u00e3o possam ser fam\u00edlias de acolhimento e refor\u00e7a os direitos das crian\u00e7as e jovens em acolhimento - OneLegal\",\"isPartOf\":{\"@id\":\"https:\/\/onelegal.pt\/pt-pt\/#website\"},\"primaryImageOfPage\":{\"@id\":\"https:\/\/onelegal.pt\/pt-pt\/blog-pt-pt\/portugal-lei-n-o-37-2025-de-2025-03-31-possibilita-que-familiares-e-pessoas-candidatas-a-adocao-possam-ser-familias-de-acolhimento-e-reforca-os-direitos-das-criancas-e-jovens-em-acolhimento\/#primaryimage\"},\"image\":{\"@id\":\"https:\/\/onelegal.pt\/pt-pt\/blog-pt-pt\/portugal-lei-n-o-37-2025-de-2025-03-31-possibilita-que-familiares-e-pessoas-candidatas-a-adocao-possam-ser-familias-de-acolhimento-e-reforca-os-direitos-das-criancas-e-jovens-em-acolhimento\/#primaryimage\"},\"thumbnailUrl\":\"https:\/\/onelegal.pt\/wp-content\/uploads\/2025\/04\/Blog-2025-04-23-PT-Min.png\",\"datePublished\":\"2025-04-23T03:09:16+00:00\",\"dateModified\":\"2025-04-23T03:10:59+00:00\",\"breadcrumb\":{\"@id\":\"https:\/\/onelegal.pt\/pt-pt\/blog-pt-pt\/portugal-lei-n-o-37-2025-de-2025-03-31-possibilita-que-familiares-e-pessoas-candidatas-a-adocao-possam-ser-familias-de-acolhimento-e-reforca-os-direitos-das-criancas-e-jovens-em-acolhimento\/#breadcrumb\"},\"inLanguage\":\"pt-PT\",\"potentialAction\":[{\"@type\":\"ReadAction\",\"target\":[\"https:\/\/onelegal.pt\/pt-pt\/blog-pt-pt\/portugal-lei-n-o-37-2025-de-2025-03-31-possibilita-que-familiares-e-pessoas-candidatas-a-adocao-possam-ser-familias-de-acolhimento-e-reforca-os-direitos-das-criancas-e-jovens-em-acolhimento\/\"]}]},{\"@type\":\"ImageObject\",\"inLanguage\":\"pt-PT\",\"@id\":\"https:\/\/onelegal.pt\/pt-pt\/blog-pt-pt\/portugal-lei-n-o-37-2025-de-2025-03-31-possibilita-que-familiares-e-pessoas-candidatas-a-adocao-possam-ser-familias-de-acolhimento-e-reforca-os-direitos-das-criancas-e-jovens-em-acolhimento\/#primaryimage\",\"url\":\"https:\/\/onelegal.pt\/wp-content\/uploads\/2025\/04\/Blog-2025-04-23-PT-Min.png\",\"contentUrl\":\"https:\/\/onelegal.pt\/wp-content\/uploads\/2025\/04\/Blog-2025-04-23-PT-Min.png\",\"width\":668,\"height\":278},{\"@type\":\"BreadcrumbList\",\"@id\":\"https:\/\/onelegal.pt\/pt-pt\/blog-pt-pt\/portugal-lei-n-o-37-2025-de-2025-03-31-possibilita-que-familiares-e-pessoas-candidatas-a-adocao-possam-ser-familias-de-acolhimento-e-reforca-os-direitos-das-criancas-e-jovens-em-acolhimento\/#breadcrumb\",\"itemListElement\":[{\"@type\":\"ListItem\",\"position\":1,\"name\":\"In\u00edcio\",\"item\":\"https:\/\/onelegal.pt\/pt-pt\/\"},{\"@type\":\"ListItem\",\"position\":2,\"name\":\"Portugal | Lei n.\u00ba 37\/2025 de 2025-03-31 \u2013 Possibilita que familiares e pessoas candidatas \u00e0 ado\u00e7\u00e3o possam ser fam\u00edlias de acolhimento e refor\u00e7a os direitos das crian\u00e7as e jovens em acolhimento\"}]},{\"@type\":\"WebSite\",\"@id\":\"https:\/\/onelegal.pt\/pt-pt\/#website\",\"url\":\"https:\/\/onelegal.pt\/pt-pt\/\",\"name\":\"OneLegal\",\"description\":\"\",\"publisher\":{\"@id\":\"https:\/\/onelegal.pt\/pt-pt\/#organization\"},\"potentialAction\":[{\"@type\":\"SearchAction\",\"target\":{\"@type\":\"EntryPoint\",\"urlTemplate\":\"https:\/\/onelegal.pt\/pt-pt\/?s={search_term_string}\"},\"query-input\":\"required name=search_term_string\"}],\"inLanguage\":\"pt-PT\"},{\"@type\":\"Organization\",\"@id\":\"https:\/\/onelegal.pt\/pt-pt\/#organization\",\"name\":\"One Legal\",\"url\":\"https:\/\/onelegal.pt\/pt-pt\/\",\"logo\":{\"@type\":\"ImageObject\",\"inLanguage\":\"pt-PT\",\"@id\":\"https:\/\/onelegal.pt\/pt-pt\/#\/schema\/logo\/image\/\",\"url\":\"https:\/\/onelegal.pt\/wp-content\/uploads\/2022\/01\/Prancheta-2.svg\",\"contentUrl\":\"https:\/\/onelegal.pt\/wp-content\/uploads\/2022\/01\/Prancheta-2.svg\",\"width\":1,\"height\":1,\"caption\":\"One Legal\"},\"image\":{\"@id\":\"https:\/\/onelegal.pt\/pt-pt\/#\/schema\/logo\/image\/\"},\"sameAs\":[\"https:\/\/www.facebook.com\/onelegal.oficial\",\"https:\/\/www.youtube.com\/channel\/UC8K-CmwBq5T8cXxAOLswV7Q\",\"https:\/\/www.linkedin.com\/company\/onelegaloficial\/\"]},{\"@type\":\"Person\",\"@id\":\"https:\/\/onelegal.pt\/pt-pt\/#\/schema\/person\/6c1fde5a7857610aca6f9a8383d0d76f\",\"name\":\"Rui Amendoeira\",\"image\":{\"@type\":\"ImageObject\",\"inLanguage\":\"pt-PT\",\"@id\":\"https:\/\/onelegal.pt\/pt-pt\/#\/schema\/person\/image\/\",\"url\":\"https:\/\/onelegal.pt\/wp-content\/uploads\/2022\/01\/cropped-onelegal-onepeople-4-96x96.jpg\",\"contentUrl\":\"https:\/\/onelegal.pt\/wp-content\/uploads\/2022\/01\/cropped-onelegal-onepeople-4-96x96.jpg\",\"caption\":\"Rui Amendoeira\"},\"url\":\"https:\/\/onelegal.pt\/pt-pt\/author\/rui-amendoeira\/\"}]}<\/script>\n<!-- \/ Yoast SEO plugin. -->","yoast_head_json":{"title":"Portugal | Lei n.\u00ba 37\/2025 de 2025-03-31 \u2013 Possibilita que familiares e pessoas candidatas \u00e0 ado\u00e7\u00e3o possam ser fam\u00edlias de acolhimento e refor\u00e7a os direitos das crian\u00e7as e jovens em acolhimento - OneLegal","robots":{"index":"index","follow":"follow","max-snippet":"max-snippet:-1","max-image-preview":"max-image-preview:large","max-video-preview":"max-video-preview:-1"},"canonical":"https:\/\/onelegal.pt\/pt-pt\/blog-pt-pt\/portugal-lei-n-o-37-2025-de-2025-03-31-possibilita-que-familiares-e-pessoas-candidatas-a-adocao-possam-ser-familias-de-acolhimento-e-reforca-os-direitos-das-criancas-e-jovens-em-acolhimento\/","og_locale":"pt_PT","og_type":"article","og_title":"Portugal | Lei n.\u00ba 37\/2025 de 2025-03-31 \u2013 Possibilita que familiares e pessoas candidatas \u00e0 ado\u00e7\u00e3o possam ser fam\u00edlias de acolhimento e refor\u00e7a os direitos das crian\u00e7as e jovens em acolhimento - OneLegal","og_description":"Other Posts Play No passado dia 31 de mar\u00e7o, foi publicada a Lei n.\u00ba 37\/2025, introduzindo altera\u00e7\u00f5es significativas no regime de prote\u00e7\u00e3o de crian\u00e7as e jovens em perigo, com especial enfoque no acolhimento familiar. Este diploma procede \u00e0 s\u00e9tima altera\u00e7\u00e3o \u00e0 Lei n.\u00ba 147\/99, de 1 de setembro, refor\u00e7ando os direitos das crian\u00e7as e jovens, [&hellip;]","og_url":"https:\/\/onelegal.pt\/pt-pt\/blog-pt-pt\/portugal-lei-n-o-37-2025-de-2025-03-31-possibilita-que-familiares-e-pessoas-candidatas-a-adocao-possam-ser-familias-de-acolhimento-e-reforca-os-direitos-das-criancas-e-jovens-em-acolhimento\/","og_site_name":"OneLegal","article_publisher":"https:\/\/www.facebook.com\/onelegal.oficial","article_published_time":"2025-04-23T03:09:16+00:00","article_modified_time":"2025-04-23T03:10:59+00:00","og_image":[{"width":668,"height":278,"url":"https:\/\/onelegal.pt\/wp-content\/uploads\/2025\/04\/Blog-2025-04-23-PT-Min.png","type":"image\/png"}],"author":"Rui Amendoeira","twitter_card":"summary_large_image","twitter_misc":{"Escrito por":"Rui Amendoeira","Tempo estimado de leitura":"2 minutos"},"schema":{"@context":"https:\/\/schema.org","@graph":[{"@type":"Article","@id":"https:\/\/onelegal.pt\/pt-pt\/blog-pt-pt\/portugal-lei-n-o-37-2025-de-2025-03-31-possibilita-que-familiares-e-pessoas-candidatas-a-adocao-possam-ser-familias-de-acolhimento-e-reforca-os-direitos-das-criancas-e-jovens-em-acolhimento\/#article","isPartOf":{"@id":"https:\/\/onelegal.pt\/pt-pt\/blog-pt-pt\/portugal-lei-n-o-37-2025-de-2025-03-31-possibilita-que-familiares-e-pessoas-candidatas-a-adocao-possam-ser-familias-de-acolhimento-e-reforca-os-direitos-das-criancas-e-jovens-em-acolhimento\/"},"author":{"name":"Rui Amendoeira","@id":"https:\/\/onelegal.pt\/pt-pt\/#\/schema\/person\/6c1fde5a7857610aca6f9a8383d0d76f"},"headline":"Portugal | Lei n.\u00ba 37\/2025 de 2025-03-31 \u2013 Possibilita que familiares e pessoas candidatas \u00e0 ado\u00e7\u00e3o possam ser fam\u00edlias de acolhimento e refor\u00e7a os direitos das crian\u00e7as e jovens em acolhimento","datePublished":"2025-04-23T03:09:16+00:00","dateModified":"2025-04-23T03:10:59+00:00","mainEntityOfPage":{"@id":"https:\/\/onelegal.pt\/pt-pt\/blog-pt-pt\/portugal-lei-n-o-37-2025-de-2025-03-31-possibilita-que-familiares-e-pessoas-candidatas-a-adocao-possam-ser-familias-de-acolhimento-e-reforca-os-direitos-das-criancas-e-jovens-em-acolhimento\/"},"wordCount":319,"commentCount":0,"publisher":{"@id":"https:\/\/onelegal.pt\/pt-pt\/#organization"},"image":{"@id":"https:\/\/onelegal.pt\/pt-pt\/blog-pt-pt\/portugal-lei-n-o-37-2025-de-2025-03-31-possibilita-que-familiares-e-pessoas-candidatas-a-adocao-possam-ser-familias-de-acolhimento-e-reforca-os-direitos-das-criancas-e-jovens-em-acolhimento\/#primaryimage"},"thumbnailUrl":"https:\/\/onelegal.pt\/wp-content\/uploads\/2025\/04\/Blog-2025-04-23-PT-Min.png","articleSection":["Blog","Novidades"],"inLanguage":"pt-PT","potentialAction":[{"@type":"CommentAction","name":"Comment","target":["https:\/\/onelegal.pt\/pt-pt\/blog-pt-pt\/portugal-lei-n-o-37-2025-de-2025-03-31-possibilita-que-familiares-e-pessoas-candidatas-a-adocao-possam-ser-familias-de-acolhimento-e-reforca-os-direitos-das-criancas-e-jovens-em-acolhimento\/#respond"]}]},{"@type":"WebPage","@id":"https:\/\/onelegal.pt\/pt-pt\/blog-pt-pt\/portugal-lei-n-o-37-2025-de-2025-03-31-possibilita-que-familiares-e-pessoas-candidatas-a-adocao-possam-ser-familias-de-acolhimento-e-reforca-os-direitos-das-criancas-e-jovens-em-acolhimento\/","url":"https:\/\/onelegal.pt\/pt-pt\/blog-pt-pt\/portugal-lei-n-o-37-2025-de-2025-03-31-possibilita-que-familiares-e-pessoas-candidatas-a-adocao-possam-ser-familias-de-acolhimento-e-reforca-os-direitos-das-criancas-e-jovens-em-acolhimento\/","name":"Portugal | Lei n.\u00ba 37\/2025 de 2025-03-31 \u2013 Possibilita que familiares e pessoas candidatas \u00e0 ado\u00e7\u00e3o possam ser fam\u00edlias de acolhimento e refor\u00e7a os direitos das crian\u00e7as e jovens em acolhimento - OneLegal","isPartOf":{"@id":"https:\/\/onelegal.pt\/pt-pt\/#website"},"primaryImageOfPage":{"@id":"https:\/\/onelegal.pt\/pt-pt\/blog-pt-pt\/portugal-lei-n-o-37-2025-de-2025-03-31-possibilita-que-familiares-e-pessoas-candidatas-a-adocao-possam-ser-familias-de-acolhimento-e-reforca-os-direitos-das-criancas-e-jovens-em-acolhimento\/#primaryimage"},"image":{"@id":"https:\/\/onelegal.pt\/pt-pt\/blog-pt-pt\/portugal-lei-n-o-37-2025-de-2025-03-31-possibilita-que-familiares-e-pessoas-candidatas-a-adocao-possam-ser-familias-de-acolhimento-e-reforca-os-direitos-das-criancas-e-jovens-em-acolhimento\/#primaryimage"},"thumbnailUrl":"https:\/\/onelegal.pt\/wp-content\/uploads\/2025\/04\/Blog-2025-04-23-PT-Min.png","datePublished":"2025-04-23T03:09:16+00:00","dateModified":"2025-04-23T03:10:59+00:00","breadcrumb":{"@id":"https:\/\/onelegal.pt\/pt-pt\/blog-pt-pt\/portugal-lei-n-o-37-2025-de-2025-03-31-possibilita-que-familiares-e-pessoas-candidatas-a-adocao-possam-ser-familias-de-acolhimento-e-reforca-os-direitos-das-criancas-e-jovens-em-acolhimento\/#breadcrumb"},"inLanguage":"pt-PT","potentialAction":[{"@type":"ReadAction","target":["https:\/\/onelegal.pt\/pt-pt\/blog-pt-pt\/portugal-lei-n-o-37-2025-de-2025-03-31-possibilita-que-familiares-e-pessoas-candidatas-a-adocao-possam-ser-familias-de-acolhimento-e-reforca-os-direitos-das-criancas-e-jovens-em-acolhimento\/"]}]},{"@type":"ImageObject","inLanguage":"pt-PT","@id":"https:\/\/onelegal.pt\/pt-pt\/blog-pt-pt\/portugal-lei-n-o-37-2025-de-2025-03-31-possibilita-que-familiares-e-pessoas-candidatas-a-adocao-possam-ser-familias-de-acolhimento-e-reforca-os-direitos-das-criancas-e-jovens-em-acolhimento\/#primaryimage","url":"https:\/\/onelegal.pt\/wp-content\/uploads\/2025\/04\/Blog-2025-04-23-PT-Min.png","contentUrl":"https:\/\/onelegal.pt\/wp-content\/uploads\/2025\/04\/Blog-2025-04-23-PT-Min.png","width":668,"height":278},{"@type":"BreadcrumbList","@id":"https:\/\/onelegal.pt\/pt-pt\/blog-pt-pt\/portugal-lei-n-o-37-2025-de-2025-03-31-possibilita-que-familiares-e-pessoas-candidatas-a-adocao-possam-ser-familias-de-acolhimento-e-reforca-os-direitos-das-criancas-e-jovens-em-acolhimento\/#breadcrumb","itemListElement":[{"@type":"ListItem","position":1,"name":"In\u00edcio","item":"https:\/\/onelegal.pt\/pt-pt\/"},{"@type":"ListItem","position":2,"name":"Portugal | Lei n.\u00ba 37\/2025 de 2025-03-31 \u2013 Possibilita que familiares e pessoas candidatas \u00e0 ado\u00e7\u00e3o possam ser fam\u00edlias de acolhimento e refor\u00e7a os direitos das crian\u00e7as e jovens em acolhimento"}]},{"@type":"WebSite","@id":"https:\/\/onelegal.pt\/pt-pt\/#website","url":"https:\/\/onelegal.pt\/pt-pt\/","name":"OneLegal","description":"","publisher":{"@id":"https:\/\/onelegal.pt\/pt-pt\/#organization"},"potentialAction":[{"@type":"SearchAction","target":{"@type":"EntryPoint","urlTemplate":"https:\/\/onelegal.pt\/pt-pt\/?s={search_term_string}"},"query-input":"required name=search_term_string"}],"inLanguage":"pt-PT"},{"@type":"Organization","@id":"https:\/\/onelegal.pt\/pt-pt\/#organization","name":"One Legal","url":"https:\/\/onelegal.pt\/pt-pt\/","logo":{"@type":"ImageObject","inLanguage":"pt-PT","@id":"https:\/\/onelegal.pt\/pt-pt\/#\/schema\/logo\/image\/","url":"https:\/\/onelegal.pt\/wp-content\/uploads\/2022\/01\/Prancheta-2.svg","contentUrl":"https:\/\/onelegal.pt\/wp-content\/uploads\/2022\/01\/Prancheta-2.svg","width":1,"height":1,"caption":"One Legal"},"image":{"@id":"https:\/\/onelegal.pt\/pt-pt\/#\/schema\/logo\/image\/"},"sameAs":["https:\/\/www.facebook.com\/onelegal.oficial","https:\/\/www.youtube.com\/channel\/UC8K-CmwBq5T8cXxAOLswV7Q","https:\/\/www.linkedin.com\/company\/onelegaloficial\/"]},{"@type":"Person","@id":"https:\/\/onelegal.pt\/pt-pt\/#\/schema\/person\/6c1fde5a7857610aca6f9a8383d0d76f","name":"Rui Amendoeira","image":{"@type":"ImageObject","inLanguage":"pt-PT","@id":"https:\/\/onelegal.pt\/pt-pt\/#\/schema\/person\/image\/","url":"https:\/\/onelegal.pt\/wp-content\/uploads\/2022\/01\/cropped-onelegal-onepeople-4-96x96.jpg","contentUrl":"https:\/\/onelegal.pt\/wp-content\/uploads\/2022\/01\/cropped-onelegal-onepeople-4-96x96.jpg","caption":"Rui Amendoeira"},"url":"https:\/\/onelegal.pt\/pt-pt\/author\/rui-amendoeira\/"}]}},"_links":{"self":[{"href":"https:\/\/onelegal.pt\/pt-pt\/wp-json\/wp\/v2\/posts\/8478","targetHints":{"allow":["GET"]}}],"collection":[{"href":"https:\/\/onelegal.pt\/pt-pt\/wp-json\/wp\/v2\/posts"}],"about":[{"href":"https:\/\/onelegal.pt\/pt-pt\/wp-json\/wp\/v2\/types\/post"}],"author":[{"embeddable":true,"href":"https:\/\/onelegal.pt\/pt-pt\/wp-json\/wp\/v2\/users\/5"}],"replies":[{"embeddable":true,"href":"https:\/\/onelegal.pt\/pt-pt\/wp-json\/wp\/v2\/comments?post=8478"}],"version-history":[{"count":4,"href":"https:\/\/onelegal.pt\/pt-pt\/wp-json\/wp\/v2\/posts\/8478\/revisions"}],"predecessor-version":[{"id":8486,"href":"https:\/\/onelegal.pt\/pt-pt\/wp-json\/wp\/v2\/posts\/8478\/revisions\/8486"}],"wp:featuredmedia":[{"embeddable":true,"href":"https:\/\/onelegal.pt\/pt-pt\/wp-json\/wp\/v2\/media\/8480"}],"wp:attachment":[{"href":"https:\/\/onelegal.pt\/pt-pt\/wp-json\/wp\/v2\/media?parent=8478"}],"wp:term":[{"taxonomy":"category","embeddable":true,"href":"https:\/\/onelegal.pt\/pt-pt\/wp-json\/wp\/v2\/categories?post=8478"},{"taxonomy":"post_tag","embeddable":true,"href":"https:\/\/onelegal.pt\/pt-pt\/wp-json\/wp\/v2\/tags?post=8478"}],"curies":[{"name":"wp","href":"https:\/\/api.w.org\/{rel}","templated":true}]}}