{"id":6852,"date":"2023-07-05T08:00:00","date_gmt":"2023-07-05T07:00:00","guid":{"rendered":"https:\/\/onelegal.pt\/?p=6852"},"modified":"2023-07-03T09:23:35","modified_gmt":"2023-07-03T08:23:35","slug":"o-investimento-direto-estrangeiro-ide-em-cabo-verde-aumentou-86-no-primeiro-trimestre-deste-ano-face-a-2022","status":"publish","type":"post","link":"https:\/\/onelegal.pt\/pt-pt\/blog-pt-pt\/o-investimento-direto-estrangeiro-ide-em-cabo-verde-aumentou-86-no-primeiro-trimestre-deste-ano-face-a-2022\/","title":{"rendered":"O Investimento Direto Estrangeiro (IDE) em Cabo Verde aumentou 8,6% no primeiro trimestre deste ano, face a 2022"},"content":{"rendered":"\t\t<div data-elementor-type=\"wp-post\" data-elementor-id=\"6852\" class=\"elementor elementor-6852\" data-elementor-post-type=\"post\">\n\t\t\t\t\t\t<section class=\"elementor-section elementor-top-section elementor-element elementor-element-50804ee elementor-section-boxed elementor-section-height-default elementor-section-height-default\" data-id=\"50804ee\" data-element_type=\"section\">\n\t\t\t\t\t\t<div class=\"elementor-container elementor-column-gap-default\">\n\t\t\t\t\t<div class=\"elementor-column elementor-col-100 elementor-top-column elementor-element elementor-element-d9f8f5e\" data-id=\"d9f8f5e\" data-element_type=\"column\">\n\t\t\t<div class=\"elementor-widget-wrap elementor-element-populated\">\n\t\t\t\t\t\t<div class=\"elementor-element elementor-element-1764073 bt-links esq elementor-widget elementor-widget-button\" data-id=\"1764073\" data-element_type=\"widget\" data-widget_type=\"button.default\">\n\t\t\t\t<div class=\"elementor-widget-container\">\n\t\t\t\t\t<div class=\"elementor-button-wrapper\">\n\t\t\t<a class=\"elementor-button elementor-button-link elementor-size-md\" href=\"https:\/\/onelegal.pt\/blog\/\">\n\t\t\t\t\t\t<span class=\"elementor-button-content-wrapper\">\n\t\t\t\t\t\t\t\t\t<span class=\"elementor-button-text\"><div class=\"ic-arrow\"><\/div>Other Posts<\/span>\n\t\t\t\t\t<\/span>\n\t\t\t\t\t<\/a>\n\t\t<\/div>\n\t\t\t\t<\/div>\n\t\t\t\t<\/div>\n\t\t\t\t<div class=\"elementor-element elementor-element-516be33 videofoto elementor-skin-carousel elementor-widget elementor-widget-media-carousel\" data-id=\"516be33\" data-element_type=\"widget\" data-settings=\"{&quot;slides_per_view&quot;:&quot;1&quot;,&quot;skin&quot;:&quot;carousel&quot;,&quot;effect&quot;:&quot;slide&quot;,&quot;speed&quot;:500,&quot;autoplay&quot;:&quot;yes&quot;,&quot;autoplay_speed&quot;:5000,&quot;loop&quot;:&quot;yes&quot;,&quot;pause_on_hover&quot;:&quot;yes&quot;,&quot;pause_on_interaction&quot;:&quot;yes&quot;,&quot;space_between&quot;:{&quot;unit&quot;:&quot;px&quot;,&quot;size&quot;:10,&quot;sizes&quot;:[]},&quot;space_between_tablet&quot;:{&quot;unit&quot;:&quot;px&quot;,&quot;size&quot;:10,&quot;sizes&quot;:[]},&quot;space_between_mobile&quot;:{&quot;unit&quot;:&quot;px&quot;,&quot;size&quot;:10,&quot;sizes&quot;:[]}}\" data-widget_type=\"media-carousel.default\">\n\t\t\t\t<div class=\"elementor-widget-container\">\n\t\t\t<link rel=\"stylesheet\" href=\"https:\/\/onelegal.pt\/wp-content\/plugins\/pro-elements\/assets\/css\/widget-carousel.min.css\">\t\t<div class=\"elementor-swiper\">\n\t\t\t<div class=\"elementor-main-swiper swiper\">\n\t\t\t\t<div class=\"swiper-wrapper\">\n\t\t\t\t\t\t\t\t\t\t\t<div class=\"swiper-slide\">\n\t\t\t\t\t\t\t<a href=\"https:\/\/onelegal.pt\/wp-content\/uploads\/2023\/07\/BLOG-05-de-julho1.jpg\" data-elementor-open-lightbox=\"yes\" data-elementor-lightbox-slideshow=\"516be33\" data-elementor-lightbox-title=\"BLOG 05 de julho1\" data-e-action-hash=\"#elementor-action%3Aaction%3Dlightbox%26settings%3DeyJpZCI6Njg1NSwidXJsIjoiaHR0cHM6XC9cL29uZWxlZ2FsLnB0XC93cC1jb250ZW50XC91cGxvYWRzXC8yMDIzXC8wN1wvQkxPRy0wNS1kZS1qdWxobzEuanBnIiwic2xpZGVzaG93IjoiNTE2YmUzMyJ9\" data-elementor-lightbox-video=\"\">\t\t<div class=\"elementor-carousel-image\" role=\"img\" aria-label=\"BLOG 05 de julho1\" style=\"background-image: url(&#039;https:\/\/onelegal.pt\/wp-content\/uploads\/2023\/07\/BLOG-05-de-julho1.jpg&#039;)\">\n\n\t\t\t\n\t\t\t\t\t\t\t<div class=\"elementor-custom-embed-play\">\n\t\t\t\t\t<i aria-hidden=\"true\" class=\"eicon-play\"><\/i>\t\t\t\t\t<span class=\"elementor-screen-only\">Play<\/span>\n\t\t\t\t<\/div>\n\t\t\t\t\t<\/div>\n\t\t<\/a>\t\t\t\t\t\t<\/div>\n\t\t\t\t\t\t\t\t\t<\/div>\n\t\t\t\t\t\t\t<\/div>\n\t\t<\/div>\n\t\t\t\t<\/div>\n\t\t\t\t<\/div>\n\t\t\t\t\t<\/div>\n\t\t<\/div>\n\t\t\t\t\t<\/div>\n\t\t<\/section>\n\t\t\t\t<section class=\"elementor-section elementor-top-section elementor-element elementor-element-5781a55 elementor-section-boxed elementor-section-height-default elementor-section-height-default\" data-id=\"5781a55\" data-element_type=\"section\">\n\t\t\t\t\t\t<div class=\"elementor-container elementor-column-gap-default\">\n\t\t\t\t\t<div class=\"elementor-column elementor-col-100 elementor-top-column elementor-element elementor-element-b13b9ed\" data-id=\"b13b9ed\" data-element_type=\"column\">\n\t\t\t<div class=\"elementor-widget-wrap elementor-element-populated\">\n\t\t\t\t\t\t<div class=\"elementor-element elementor-element-5b02df7 elementor-widget elementor-widget-heading\" data-id=\"5b02df7\" data-element_type=\"widget\" data-widget_type=\"heading.default\">\n\t\t\t\t<div class=\"elementor-widget-container\">\n\t\t\t<style>\/*! elementor - v3.23.0 - 15-07-2024 *\/\n.elementor-heading-title{padding:0;margin:0;line-height:1}.elementor-widget-heading .elementor-heading-title[class*=elementor-size-]>a{color:inherit;font-size:inherit;line-height:inherit}.elementor-widget-heading .elementor-heading-title.elementor-size-small{font-size:15px}.elementor-widget-heading .elementor-heading-title.elementor-size-medium{font-size:19px}.elementor-widget-heading .elementor-heading-title.elementor-size-large{font-size:29px}.elementor-widget-heading .elementor-heading-title.elementor-size-xl{font-size:39px}.elementor-widget-heading .elementor-heading-title.elementor-size-xxl{font-size:59px}<\/style><h3 class=\"elementor-heading-title elementor-size-default\">05\/07\/2023<\/h3>\t\t<\/div>\n\t\t\t\t<\/div>\n\t\t\t\t<div class=\"elementor-element elementor-element-2e4e4d8 elementor-widget elementor-widget-heading\" data-id=\"2e4e4d8\" data-element_type=\"widget\" data-widget_type=\"heading.default\">\n\t\t\t\t<div class=\"elementor-widget-container\">\n\t\t\t<h2 class=\"elementor-heading-title elementor-size-default\">O Investimento Direto Estrangeiro (IDE) em Cabo Verde aumentou 8,6% no primeiro trimestre deste ano, face a 2022<\/h2>\t\t<\/div>\n\t\t\t\t<\/div>\n\t\t\t\t<div class=\"elementor-element elementor-element-b17eebf elementor-author-box--align-left elementor-author-box--image-valign-middle elementor-author-box--layout-image-left elementor-author-box--avatar-yes elementor-author-box--name-yes elementor-author-box--biography-yes elementor-author-box--link-no elementor-widget elementor-widget-author-box\" data-id=\"b17eebf\" data-element_type=\"widget\" data-widget_type=\"author-box.default\">\n\t\t\t\t<div class=\"elementor-widget-container\">\n\t\t\t<link rel=\"stylesheet\" href=\"https:\/\/onelegal.pt\/wp-content\/plugins\/pro-elements\/assets\/css\/widget-theme-elements.min.css\">\t\t<div class=\"elementor-author-box\">\n\t\t\t\t\t\t\t<div  class=\"elementor-author-box__avatar\">\n\t\t\t\t\t<img decoding=\"async\" src=\"https:\/\/onelegal.pt\/wp-content\/uploads\/2022\/02\/cropped-onelegal-onepeople-dircilena-evora-300x300.jpg\" alt=\"Picture of Dircilena Evora\" loading=\"lazy\">\n\t\t\t\t<\/div>\n\t\t\t\n\t\t\t<div class=\"elementor-author-box__text\">\n\t\t\t\t\t\t\t\t\t<div >\n\t\t\t\t\t\t<span class=\"elementor-author-box__name\">\n\t\t\t\t\t\t\tDircilena Evora\t\t\t\t\t\t<\/span>\n\t\t\t\t\t<\/div>\n\t\t\t\t\n\t\t\t\t\t\t\t\t\t<div class=\"elementor-author-box__bio\">\n\t\t\t\t\t\t\t\t\t\t\t<\/div>\n\t\t\t\t\n\t\t\t\t\t\t\t<\/div>\n\t\t<\/div>\n\t\t\t\t<\/div>\n\t\t\t\t<\/div>\n\t\t\t\t<div class=\"elementor-element elementor-element-181dd8d elementor-widget elementor-widget-text-editor\" data-id=\"181dd8d\" data-element_type=\"widget\" data-widget_type=\"text-editor.default\">\n\t\t\t\t<div class=\"elementor-widget-container\">\n\t\t\t<style>\/*! elementor - v3.23.0 - 15-07-2024 *\/\n.elementor-widget-text-editor.elementor-drop-cap-view-stacked .elementor-drop-cap{background-color:#69727d;color:#fff}.elementor-widget-text-editor.elementor-drop-cap-view-framed .elementor-drop-cap{color:#69727d;border:3px solid;background-color:transparent}.elementor-widget-text-editor:not(.elementor-drop-cap-view-default) .elementor-drop-cap{margin-top:8px}.elementor-widget-text-editor:not(.elementor-drop-cap-view-default) .elementor-drop-cap-letter{width:1em;height:1em}.elementor-widget-text-editor .elementor-drop-cap{float:left;text-align:center;line-height:1;font-size:50px}.elementor-widget-text-editor .elementor-drop-cap-letter{display:inline-block}<\/style>\t\t\t\t<p>De acordo com o mais recente relat\u00f3rio estat\u00edstico do Banco de Cabo Verde (BCV), Cabo Verde captou de janeiro a mar\u00e7o quase 3.080 milh\u00f5es de escudos em investimento estrangeiro &#8211; sobretudo no setor do turismo, liderado por Portugal que aumentou o seu IDE em Cabo Verde para 11% neste per\u00edodo, passando de 814,6 milh\u00f5es de escudos no primeiro trimestre de 2022 para 903,5 milh\u00f5es de escudos de janeiro a mar\u00e7o \u00faltimos.<\/p><p>O Investimento Directo Estrangeiro &#8211; que inclui tamb\u00e9m participa\u00e7\u00f5es, lucros reinvestidos e outro capital &#8211; em Cabo Verde j\u00e1 tinha disparado quase 60% em 2022, face ao ano anterior, para 121,6 milh\u00f5es de euros, liderado por Portugal, segundo dados do banco central.<\/p><p>De acordo com um relat\u00f3rio estat\u00edstico do BCV, o arquip\u00e9lago captou de janeiro a dezembro de 2022 mais de 13.445 milh\u00f5es de escudos em investimento estrangeiro &#8211; sobretudo no sector do turismo -, registo que compara com quase 8.499 milh\u00f5es de escudos em 2021.<\/p><p>Trata-se de um aumento de 58,2% num ano e quase equivalente \u00e0 soma do IDE captado nos anos anteriores, de 2021 e 2020 (6.547 milh\u00f5es de escudos), juntos.<\/p><p>Portugal liderou igualmente entre o investimento externo em Cabo Verde em 2022, com quase 4.517 milh\u00f5es de escudos, essencialmente na ilha do Sal, seguido de It\u00e1lia, com 371 milh\u00f5es de escudos, e Angola, com 295 milh\u00f5es de escudos.<\/p><p>Do total do IDE captado por Cabo Verde em 2022, quase 7.695 milh\u00f5es de escudos foram especificamente para projectos ligados ao turismo e \u00e0 imobili\u00e1ria tur\u00edstica.<\/p><p>Este desempenho segue-se a um crescimento de 38,2% no IDE garantido por Cabo Verde em 2021, face ao ano anterior, igualmente liderado ent\u00e3o por Portugal.<\/p><div class=\"elementor-element elementor-element-181dd8d elementor-widget elementor-widget-text-editor\" data-id=\"181dd8d\" data-element_type=\"widget\" data-widget_type=\"text-editor.default\"><div class=\"elementor-widget-container\"><p><strong>Dircilena \u00c9vora, OneLegal Partner<\/strong><\/p><\/div><\/div>\t\t\t\t\t\t<\/div>\n\t\t\t\t<\/div>\n\t\t\t\t<div class=\"elementor-element elementor-element-b231f4c elementor-widget elementor-widget-heading\" data-id=\"b231f4c\" data-element_type=\"widget\" data-widget_type=\"heading.default\">\n\t\t\t\t<div class=\"elementor-widget-container\">\n\t\t\t<h3 class=\"elementor-heading-title elementor-size-default\">SHARE<\/h3>\t\t<\/div>\n\t\t\t\t<\/div>\n\t\t\t\t<div class=\"elementor-element elementor-element-a8440de elementor-share-buttons--view-icon elementor-share-buttons--skin-minimal elementor-share-buttons--shape-circle elementor-share-buttons--color-custom elementor-grid-0 elementor-widget elementor-widget-share-buttons\" data-id=\"a8440de\" data-element_type=\"widget\" data-widget_type=\"share-buttons.default\">\n\t\t\t\t<div class=\"elementor-widget-container\">\n\t\t\t<link rel=\"stylesheet\" href=\"https:\/\/onelegal.pt\/wp-content\/plugins\/pro-elements\/assets\/css\/widget-share-buttons.min.css\">\t\t<div class=\"elementor-grid\">\n\t\t\t\t\t\t\t\t<div class=\"elementor-grid-item\">\n\t\t\t\t\t\t<div\n\t\t\t\t\t\t\tclass=\"elementor-share-btn elementor-share-btn_facebook\"\n\t\t\t\t\t\t\trole=\"button\"\n\t\t\t\t\t\t\ttabindex=\"0\"\n\t\t\t\t\t\t\taria-label=\"Share on facebook\"\n\t\t\t\t\t\t>\n\t\t\t\t\t\t\t\t\t\t\t\t\t\t\t<span class=\"elementor-share-btn__icon\">\n\t\t\t\t\t\t\t\t<i class=\"fab fa-facebook\" aria-hidden=\"true\"><\/i>\t\t\t\t\t\t\t<\/span>\n\t\t\t\t\t\t\t\t\t\t\t\t\t\t\t\t\t\t\t\t<\/div>\n\t\t\t\t\t<\/div>\n\t\t\t\t\t\t\t\t\t<div class=\"elementor-grid-item\">\n\t\t\t\t\t\t<div\n\t\t\t\t\t\t\tclass=\"elementor-share-btn elementor-share-btn_twitter\"\n\t\t\t\t\t\t\trole=\"button\"\n\t\t\t\t\t\t\ttabindex=\"0\"\n\t\t\t\t\t\t\taria-label=\"Share on twitter\"\n\t\t\t\t\t\t>\n\t\t\t\t\t\t\t\t\t\t\t\t\t\t\t<span class=\"elementor-share-btn__icon\">\n\t\t\t\t\t\t\t\t<i class=\"fab fa-twitter\" aria-hidden=\"true\"><\/i>\t\t\t\t\t\t\t<\/span>\n\t\t\t\t\t\t\t\t\t\t\t\t\t\t\t\t\t\t\t\t<\/div>\n\t\t\t\t\t<\/div>\n\t\t\t\t\t\t\t\t\t<div class=\"elementor-grid-item\">\n\t\t\t\t\t\t<div\n\t\t\t\t\t\t\tclass=\"elementor-share-btn elementor-share-btn_linkedin\"\n\t\t\t\t\t\t\trole=\"button\"\n\t\t\t\t\t\t\ttabindex=\"0\"\n\t\t\t\t\t\t\taria-label=\"Share on linkedin\"\n\t\t\t\t\t\t>\n\t\t\t\t\t\t\t\t\t\t\t\t\t\t\t<span class=\"elementor-share-btn__icon\">\n\t\t\t\t\t\t\t\t<i class=\"fab fa-linkedin\" aria-hidden=\"true\"><\/i>\t\t\t\t\t\t\t<\/span>\n\t\t\t\t\t\t\t\t\t\t\t\t\t\t\t\t\t\t\t\t<\/div>\n\t\t\t\t\t<\/div>\n\t\t\t\t\t\t\t\t\t<div class=\"elementor-grid-item\">\n\t\t\t\t\t\t<div\n\t\t\t\t\t\t\tclass=\"elementor-share-btn elementor-share-btn_whatsapp\"\n\t\t\t\t\t\t\trole=\"button\"\n\t\t\t\t\t\t\ttabindex=\"0\"\n\t\t\t\t\t\t\taria-label=\"Share on whatsapp\"\n\t\t\t\t\t\t>\n\t\t\t\t\t\t\t\t\t\t\t\t\t\t\t<span class=\"elementor-share-btn__icon\">\n\t\t\t\t\t\t\t\t<i class=\"fab fa-whatsapp\" aria-hidden=\"true\"><\/i>\t\t\t\t\t\t\t<\/span>\n\t\t\t\t\t\t\t\t\t\t\t\t\t\t\t\t\t\t\t\t<\/div>\n\t\t\t\t\t<\/div>\n\t\t\t\t\t\t<\/div>\n\t\t\t\t<\/div>\n\t\t\t\t<\/div>\n\t\t\t\t\t<\/div>\n\t\t<\/div>\n\t\t\t\t\t<\/div>\n\t\t<\/section>\n\t\t\t\t<\/div>\n\t\t","protected":false},"excerpt":{"rendered":"<p>Other Posts Play De acordo com o mais recente relat\u00f3rio estat\u00edstico do Banco de Cabo Verde (BCV), Cabo Verde captou de janeiro a mar\u00e7o quase 3.080 milh\u00f5es de escudos em investimento estrangeiro &#8211; sobretudo no setor do turismo, liderado por Portugal que aumentou o seu IDE em Cabo Verde para 11% neste per\u00edodo, passando de [&hellip;]<\/p>\n","protected":false},"author":8,"featured_media":6855,"comment_status":"open","ping_status":"closed","sticky":false,"template":"elementor_header_footer","format":"standard","meta":{"footnotes":""},"categories":[39,67],"tags":[],"class_list":["post-6852","post","type-post","status-publish","format-standard","has-post-thumbnail","hentry","category-blog-pt-pt","category-novidades"],"yoast_head":"<!-- This site is optimized with the Yoast SEO plugin v23.0 - https:\/\/yoast.com\/wordpress\/plugins\/seo\/ -->\n<title>O Investimento Direto Estrangeiro (IDE) em Cabo Verde aumentou 8,6% no primeiro trimestre deste ano, face a 2022 - OneLegal<\/title>\n<meta name=\"robots\" content=\"index, follow, max-snippet:-1, max-image-preview:large, max-video-preview:-1\" \/>\n<link rel=\"canonical\" href=\"https:\/\/onelegal.pt\/pt-pt\/blog-pt-pt\/o-investimento-direto-estrangeiro-ide-em-cabo-verde-aumentou-86-no-primeiro-trimestre-deste-ano-face-a-2022\/\" \/>\n<meta property=\"og:locale\" content=\"pt_PT\" \/>\n<meta property=\"og:type\" content=\"article\" \/>\n<meta property=\"og:title\" content=\"O Investimento Direto Estrangeiro (IDE) em Cabo Verde aumentou 8,6% no primeiro trimestre deste ano, face a 2022 - OneLegal\" \/>\n<meta property=\"og:description\" content=\"Other Posts Play De acordo com o mais recente relat\u00f3rio estat\u00edstico do Banco de Cabo Verde (BCV), Cabo Verde captou de janeiro a mar\u00e7o quase 3.080 milh\u00f5es de escudos em investimento estrangeiro &#8211; sobretudo no setor do turismo, liderado por Portugal que aumentou o seu IDE em Cabo Verde para 11% neste per\u00edodo, passando de [&hellip;]\" \/>\n<meta property=\"og:url\" content=\"https:\/\/onelegal.pt\/pt-pt\/blog-pt-pt\/o-investimento-direto-estrangeiro-ide-em-cabo-verde-aumentou-86-no-primeiro-trimestre-deste-ano-face-a-2022\/\" \/>\n<meta property=\"og:site_name\" content=\"OneLegal\" \/>\n<meta property=\"article:publisher\" content=\"https:\/\/www.facebook.com\/onelegal.oficial\" \/>\n<meta property=\"article:published_time\" content=\"2023-07-05T07:00:00+00:00\" \/>\n<meta property=\"article:modified_time\" content=\"2023-07-03T08:23:35+00:00\" \/>\n<meta property=\"og:image\" content=\"https:\/\/onelegal.pt\/wp-content\/uploads\/2023\/07\/BLOG-05-de-julho1.jpg\" \/>\n\t<meta property=\"og:image:width\" content=\"1200\" \/>\n\t<meta property=\"og:image:height\" content=\"400\" \/>\n\t<meta property=\"og:image:type\" content=\"image\/jpeg\" \/>\n<meta name=\"author\" content=\"Dircilena Evora\" \/>\n<meta name=\"twitter:card\" content=\"summary_large_image\" \/>\n<meta name=\"twitter:label1\" content=\"Escrito por\" \/>\n\t<meta name=\"twitter:data1\" content=\"Dircilena Evora\" \/>\n\t<meta name=\"twitter:label2\" content=\"Tempo estimado de leitura\" \/>\n\t<meta name=\"twitter:data2\" content=\"2 minutos\" \/>\n<script type=\"application\/ld+json\" class=\"yoast-schema-graph\">{\"@context\":\"https:\/\/schema.org\",\"@graph\":[{\"@type\":\"Article\",\"@id\":\"https:\/\/onelegal.pt\/pt-pt\/blog-pt-pt\/o-investimento-direto-estrangeiro-ide-em-cabo-verde-aumentou-86-no-primeiro-trimestre-deste-ano-face-a-2022\/#article\",\"isPartOf\":{\"@id\":\"https:\/\/onelegal.pt\/pt-pt\/blog-pt-pt\/o-investimento-direto-estrangeiro-ide-em-cabo-verde-aumentou-86-no-primeiro-trimestre-deste-ano-face-a-2022\/\"},\"author\":{\"name\":\"Dircilena Evora\",\"@id\":\"https:\/\/onelegal.pt\/pt-pt\/#\/schema\/person\/a792c7168cecd8771a5a73c7f704c066\"},\"headline\":\"O Investimento Direto Estrangeiro (IDE) em Cabo Verde aumentou 8,6% no primeiro trimestre deste ano, face a 2022\",\"datePublished\":\"2023-07-05T07:00:00+00:00\",\"dateModified\":\"2023-07-03T08:23:35+00:00\",\"mainEntityOfPage\":{\"@id\":\"https:\/\/onelegal.pt\/pt-pt\/blog-pt-pt\/o-investimento-direto-estrangeiro-ide-em-cabo-verde-aumentou-86-no-primeiro-trimestre-deste-ano-face-a-2022\/\"},\"wordCount\":297,\"commentCount\":0,\"publisher\":{\"@id\":\"https:\/\/onelegal.pt\/pt-pt\/#organization\"},\"image\":{\"@id\":\"https:\/\/onelegal.pt\/pt-pt\/blog-pt-pt\/o-investimento-direto-estrangeiro-ide-em-cabo-verde-aumentou-86-no-primeiro-trimestre-deste-ano-face-a-2022\/#primaryimage\"},\"thumbnailUrl\":\"https:\/\/onelegal.pt\/wp-content\/uploads\/2023\/07\/BLOG-05-de-julho1.jpg\",\"articleSection\":[\"Blog\",\"Novidades\"],\"inLanguage\":\"pt-PT\",\"potentialAction\":[{\"@type\":\"CommentAction\",\"name\":\"Comment\",\"target\":[\"https:\/\/onelegal.pt\/pt-pt\/blog-pt-pt\/o-investimento-direto-estrangeiro-ide-em-cabo-verde-aumentou-86-no-primeiro-trimestre-deste-ano-face-a-2022\/#respond\"]}]},{\"@type\":\"WebPage\",\"@id\":\"https:\/\/onelegal.pt\/pt-pt\/blog-pt-pt\/o-investimento-direto-estrangeiro-ide-em-cabo-verde-aumentou-86-no-primeiro-trimestre-deste-ano-face-a-2022\/\",\"url\":\"https:\/\/onelegal.pt\/pt-pt\/blog-pt-pt\/o-investimento-direto-estrangeiro-ide-em-cabo-verde-aumentou-86-no-primeiro-trimestre-deste-ano-face-a-2022\/\",\"name\":\"O Investimento Direto Estrangeiro (IDE) em Cabo Verde aumentou 8,6% no primeiro trimestre deste ano, face a 2022 - OneLegal\",\"isPartOf\":{\"@id\":\"https:\/\/onelegal.pt\/pt-pt\/#website\"},\"primaryImageOfPage\":{\"@id\":\"https:\/\/onelegal.pt\/pt-pt\/blog-pt-pt\/o-investimento-direto-estrangeiro-ide-em-cabo-verde-aumentou-86-no-primeiro-trimestre-deste-ano-face-a-2022\/#primaryimage\"},\"image\":{\"@id\":\"https:\/\/onelegal.pt\/pt-pt\/blog-pt-pt\/o-investimento-direto-estrangeiro-ide-em-cabo-verde-aumentou-86-no-primeiro-trimestre-deste-ano-face-a-2022\/#primaryimage\"},\"thumbnailUrl\":\"https:\/\/onelegal.pt\/wp-content\/uploads\/2023\/07\/BLOG-05-de-julho1.jpg\",\"datePublished\":\"2023-07-05T07:00:00+00:00\",\"dateModified\":\"2023-07-03T08:23:35+00:00\",\"breadcrumb\":{\"@id\":\"https:\/\/onelegal.pt\/pt-pt\/blog-pt-pt\/o-investimento-direto-estrangeiro-ide-em-cabo-verde-aumentou-86-no-primeiro-trimestre-deste-ano-face-a-2022\/#breadcrumb\"},\"inLanguage\":\"pt-PT\",\"potentialAction\":[{\"@type\":\"ReadAction\",\"target\":[\"https:\/\/onelegal.pt\/pt-pt\/blog-pt-pt\/o-investimento-direto-estrangeiro-ide-em-cabo-verde-aumentou-86-no-primeiro-trimestre-deste-ano-face-a-2022\/\"]}]},{\"@type\":\"ImageObject\",\"inLanguage\":\"pt-PT\",\"@id\":\"https:\/\/onelegal.pt\/pt-pt\/blog-pt-pt\/o-investimento-direto-estrangeiro-ide-em-cabo-verde-aumentou-86-no-primeiro-trimestre-deste-ano-face-a-2022\/#primaryimage\",\"url\":\"https:\/\/onelegal.pt\/wp-content\/uploads\/2023\/07\/BLOG-05-de-julho1.jpg\",\"contentUrl\":\"https:\/\/onelegal.pt\/wp-content\/uploads\/2023\/07\/BLOG-05-de-julho1.jpg\",\"width\":1200,\"height\":400},{\"@type\":\"BreadcrumbList\",\"@id\":\"https:\/\/onelegal.pt\/pt-pt\/blog-pt-pt\/o-investimento-direto-estrangeiro-ide-em-cabo-verde-aumentou-86-no-primeiro-trimestre-deste-ano-face-a-2022\/#breadcrumb\",\"itemListElement\":[{\"@type\":\"ListItem\",\"position\":1,\"name\":\"In\u00edcio\",\"item\":\"https:\/\/onelegal.pt\/pt-pt\/\"},{\"@type\":\"ListItem\",\"position\":2,\"name\":\"O Investimento Direto Estrangeiro (IDE) em Cabo Verde aumentou 8,6% no primeiro trimestre deste ano, face a 2022\"}]},{\"@type\":\"WebSite\",\"@id\":\"https:\/\/onelegal.pt\/pt-pt\/#website\",\"url\":\"https:\/\/onelegal.pt\/pt-pt\/\",\"name\":\"OneLegal\",\"description\":\"\",\"publisher\":{\"@id\":\"https:\/\/onelegal.pt\/pt-pt\/#organization\"},\"potentialAction\":[{\"@type\":\"SearchAction\",\"target\":{\"@type\":\"EntryPoint\",\"urlTemplate\":\"https:\/\/onelegal.pt\/pt-pt\/?s={search_term_string}\"},\"query-input\":\"required name=search_term_string\"}],\"inLanguage\":\"pt-PT\"},{\"@type\":\"Organization\",\"@id\":\"https:\/\/onelegal.pt\/pt-pt\/#organization\",\"name\":\"One Legal\",\"url\":\"https:\/\/onelegal.pt\/pt-pt\/\",\"logo\":{\"@type\":\"ImageObject\",\"inLanguage\":\"pt-PT\",\"@id\":\"https:\/\/onelegal.pt\/pt-pt\/#\/schema\/logo\/image\/\",\"url\":\"https:\/\/onelegal.pt\/wp-content\/uploads\/2022\/01\/Prancheta-2.svg\",\"contentUrl\":\"https:\/\/onelegal.pt\/wp-content\/uploads\/2022\/01\/Prancheta-2.svg\",\"width\":1,\"height\":1,\"caption\":\"One Legal\"},\"image\":{\"@id\":\"https:\/\/onelegal.pt\/pt-pt\/#\/schema\/logo\/image\/\"},\"sameAs\":[\"https:\/\/www.facebook.com\/onelegal.oficial\",\"https:\/\/www.youtube.com\/channel\/UC8K-CmwBq5T8cXxAOLswV7Q\",\"https:\/\/www.linkedin.com\/company\/onelegaloficial\/\"]},{\"@type\":\"Person\",\"@id\":\"https:\/\/onelegal.pt\/pt-pt\/#\/schema\/person\/a792c7168cecd8771a5a73c7f704c066\",\"name\":\"Dircilena Evora\",\"image\":{\"@type\":\"ImageObject\",\"inLanguage\":\"pt-PT\",\"@id\":\"https:\/\/onelegal.pt\/pt-pt\/#\/schema\/person\/image\/\",\"url\":\"https:\/\/onelegal.pt\/wp-content\/uploads\/2022\/02\/cropped-onelegal-onepeople-dircilena-evora-96x96.jpg\",\"contentUrl\":\"https:\/\/onelegal.pt\/wp-content\/uploads\/2022\/02\/cropped-onelegal-onepeople-dircilena-evora-96x96.jpg\",\"caption\":\"Dircilena Evora\"},\"url\":\"https:\/\/onelegal.pt\/pt-pt\/author\/dircilena-evora\/\"}]}<\/script>\n<!-- \/ Yoast SEO plugin. -->","yoast_head_json":{"title":"O Investimento Direto Estrangeiro (IDE) em Cabo Verde aumentou 8,6% no primeiro trimestre deste ano, face a 2022 - OneLegal","robots":{"index":"index","follow":"follow","max-snippet":"max-snippet:-1","max-image-preview":"max-image-preview:large","max-video-preview":"max-video-preview:-1"},"canonical":"https:\/\/onelegal.pt\/pt-pt\/blog-pt-pt\/o-investimento-direto-estrangeiro-ide-em-cabo-verde-aumentou-86-no-primeiro-trimestre-deste-ano-face-a-2022\/","og_locale":"pt_PT","og_type":"article","og_title":"O Investimento Direto Estrangeiro (IDE) em Cabo Verde aumentou 8,6% no primeiro trimestre deste ano, face a 2022 - OneLegal","og_description":"Other Posts Play De acordo com o mais recente relat\u00f3rio estat\u00edstico do Banco de Cabo Verde (BCV), Cabo Verde captou de janeiro a mar\u00e7o quase 3.080 milh\u00f5es de escudos em investimento estrangeiro &#8211; sobretudo no setor do turismo, liderado por Portugal que aumentou o seu IDE em Cabo Verde para 11% neste per\u00edodo, passando de [&hellip;]","og_url":"https:\/\/onelegal.pt\/pt-pt\/blog-pt-pt\/o-investimento-direto-estrangeiro-ide-em-cabo-verde-aumentou-86-no-primeiro-trimestre-deste-ano-face-a-2022\/","og_site_name":"OneLegal","article_publisher":"https:\/\/www.facebook.com\/onelegal.oficial","article_published_time":"2023-07-05T07:00:00+00:00","article_modified_time":"2023-07-03T08:23:35+00:00","og_image":[{"width":1200,"height":400,"url":"https:\/\/onelegal.pt\/wp-content\/uploads\/2023\/07\/BLOG-05-de-julho1.jpg","type":"image\/jpeg"}],"author":"Dircilena Evora","twitter_card":"summary_large_image","twitter_misc":{"Escrito por":"Dircilena Evora","Tempo estimado de leitura":"2 minutos"},"schema":{"@context":"https:\/\/schema.org","@graph":[{"@type":"Article","@id":"https:\/\/onelegal.pt\/pt-pt\/blog-pt-pt\/o-investimento-direto-estrangeiro-ide-em-cabo-verde-aumentou-86-no-primeiro-trimestre-deste-ano-face-a-2022\/#article","isPartOf":{"@id":"https:\/\/onelegal.pt\/pt-pt\/blog-pt-pt\/o-investimento-direto-estrangeiro-ide-em-cabo-verde-aumentou-86-no-primeiro-trimestre-deste-ano-face-a-2022\/"},"author":{"name":"Dircilena Evora","@id":"https:\/\/onelegal.pt\/pt-pt\/#\/schema\/person\/a792c7168cecd8771a5a73c7f704c066"},"headline":"O Investimento Direto Estrangeiro (IDE) em Cabo Verde aumentou 8,6% no primeiro trimestre deste ano, face a 2022","datePublished":"2023-07-05T07:00:00+00:00","dateModified":"2023-07-03T08:23:35+00:00","mainEntityOfPage":{"@id":"https:\/\/onelegal.pt\/pt-pt\/blog-pt-pt\/o-investimento-direto-estrangeiro-ide-em-cabo-verde-aumentou-86-no-primeiro-trimestre-deste-ano-face-a-2022\/"},"wordCount":297,"commentCount":0,"publisher":{"@id":"https:\/\/onelegal.pt\/pt-pt\/#organization"},"image":{"@id":"https:\/\/onelegal.pt\/pt-pt\/blog-pt-pt\/o-investimento-direto-estrangeiro-ide-em-cabo-verde-aumentou-86-no-primeiro-trimestre-deste-ano-face-a-2022\/#primaryimage"},"thumbnailUrl":"https:\/\/onelegal.pt\/wp-content\/uploads\/2023\/07\/BLOG-05-de-julho1.jpg","articleSection":["Blog","Novidades"],"inLanguage":"pt-PT","potentialAction":[{"@type":"CommentAction","name":"Comment","target":["https:\/\/onelegal.pt\/pt-pt\/blog-pt-pt\/o-investimento-direto-estrangeiro-ide-em-cabo-verde-aumentou-86-no-primeiro-trimestre-deste-ano-face-a-2022\/#respond"]}]},{"@type":"WebPage","@id":"https:\/\/onelegal.pt\/pt-pt\/blog-pt-pt\/o-investimento-direto-estrangeiro-ide-em-cabo-verde-aumentou-86-no-primeiro-trimestre-deste-ano-face-a-2022\/","url":"https:\/\/onelegal.pt\/pt-pt\/blog-pt-pt\/o-investimento-direto-estrangeiro-ide-em-cabo-verde-aumentou-86-no-primeiro-trimestre-deste-ano-face-a-2022\/","name":"O Investimento Direto Estrangeiro (IDE) em Cabo Verde aumentou 8,6% no primeiro trimestre deste ano, face a 2022 - OneLegal","isPartOf":{"@id":"https:\/\/onelegal.pt\/pt-pt\/#website"},"primaryImageOfPage":{"@id":"https:\/\/onelegal.pt\/pt-pt\/blog-pt-pt\/o-investimento-direto-estrangeiro-ide-em-cabo-verde-aumentou-86-no-primeiro-trimestre-deste-ano-face-a-2022\/#primaryimage"},"image":{"@id":"https:\/\/onelegal.pt\/pt-pt\/blog-pt-pt\/o-investimento-direto-estrangeiro-ide-em-cabo-verde-aumentou-86-no-primeiro-trimestre-deste-ano-face-a-2022\/#primaryimage"},"thumbnailUrl":"https:\/\/onelegal.pt\/wp-content\/uploads\/2023\/07\/BLOG-05-de-julho1.jpg","datePublished":"2023-07-05T07:00:00+00:00","dateModified":"2023-07-03T08:23:35+00:00","breadcrumb":{"@id":"https:\/\/onelegal.pt\/pt-pt\/blog-pt-pt\/o-investimento-direto-estrangeiro-ide-em-cabo-verde-aumentou-86-no-primeiro-trimestre-deste-ano-face-a-2022\/#breadcrumb"},"inLanguage":"pt-PT","potentialAction":[{"@type":"ReadAction","target":["https:\/\/onelegal.pt\/pt-pt\/blog-pt-pt\/o-investimento-direto-estrangeiro-ide-em-cabo-verde-aumentou-86-no-primeiro-trimestre-deste-ano-face-a-2022\/"]}]},{"@type":"ImageObject","inLanguage":"pt-PT","@id":"https:\/\/onelegal.pt\/pt-pt\/blog-pt-pt\/o-investimento-direto-estrangeiro-ide-em-cabo-verde-aumentou-86-no-primeiro-trimestre-deste-ano-face-a-2022\/#primaryimage","url":"https:\/\/onelegal.pt\/wp-content\/uploads\/2023\/07\/BLOG-05-de-julho1.jpg","contentUrl":"https:\/\/onelegal.pt\/wp-content\/uploads\/2023\/07\/BLOG-05-de-julho1.jpg","width":1200,"height":400},{"@type":"BreadcrumbList","@id":"https:\/\/onelegal.pt\/pt-pt\/blog-pt-pt\/o-investimento-direto-estrangeiro-ide-em-cabo-verde-aumentou-86-no-primeiro-trimestre-deste-ano-face-a-2022\/#breadcrumb","itemListElement":[{"@type":"ListItem","position":1,"name":"In\u00edcio","item":"https:\/\/onelegal.pt\/pt-pt\/"},{"@type":"ListItem","position":2,"name":"O Investimento Direto Estrangeiro (IDE) em Cabo Verde aumentou 8,6% no primeiro trimestre deste ano, face a 2022"}]},{"@type":"WebSite","@id":"https:\/\/onelegal.pt\/pt-pt\/#website","url":"https:\/\/onelegal.pt\/pt-pt\/","name":"OneLegal","description":"","publisher":{"@id":"https:\/\/onelegal.pt\/pt-pt\/#organization"},"potentialAction":[{"@type":"SearchAction","target":{"@type":"EntryPoint","urlTemplate":"https:\/\/onelegal.pt\/pt-pt\/?s={search_term_string}"},"query-input":"required name=search_term_string"}],"inLanguage":"pt-PT"},{"@type":"Organization","@id":"https:\/\/onelegal.pt\/pt-pt\/#organization","name":"One Legal","url":"https:\/\/onelegal.pt\/pt-pt\/","logo":{"@type":"ImageObject","inLanguage":"pt-PT","@id":"https:\/\/onelegal.pt\/pt-pt\/#\/schema\/logo\/image\/","url":"https:\/\/onelegal.pt\/wp-content\/uploads\/2022\/01\/Prancheta-2.svg","contentUrl":"https:\/\/onelegal.pt\/wp-content\/uploads\/2022\/01\/Prancheta-2.svg","width":1,"height":1,"caption":"One Legal"},"image":{"@id":"https:\/\/onelegal.pt\/pt-pt\/#\/schema\/logo\/image\/"},"sameAs":["https:\/\/www.facebook.com\/onelegal.oficial","https:\/\/www.youtube.com\/channel\/UC8K-CmwBq5T8cXxAOLswV7Q","https:\/\/www.linkedin.com\/company\/onelegaloficial\/"]},{"@type":"Person","@id":"https:\/\/onelegal.pt\/pt-pt\/#\/schema\/person\/a792c7168cecd8771a5a73c7f704c066","name":"Dircilena Evora","image":{"@type":"ImageObject","inLanguage":"pt-PT","@id":"https:\/\/onelegal.pt\/pt-pt\/#\/schema\/person\/image\/","url":"https:\/\/onelegal.pt\/wp-content\/uploads\/2022\/02\/cropped-onelegal-onepeople-dircilena-evora-96x96.jpg","contentUrl":"https:\/\/onelegal.pt\/wp-content\/uploads\/2022\/02\/cropped-onelegal-onepeople-dircilena-evora-96x96.jpg","caption":"Dircilena Evora"},"url":"https:\/\/onelegal.pt\/pt-pt\/author\/dircilena-evora\/"}]}},"_links":{"self":[{"href":"https:\/\/onelegal.pt\/pt-pt\/wp-json\/wp\/v2\/posts\/6852","targetHints":{"allow":["GET"]}}],"collection":[{"href":"https:\/\/onelegal.pt\/pt-pt\/wp-json\/wp\/v2\/posts"}],"about":[{"href":"https:\/\/onelegal.pt\/pt-pt\/wp-json\/wp\/v2\/types\/post"}],"author":[{"embeddable":true,"href":"https:\/\/onelegal.pt\/pt-pt\/wp-json\/wp\/v2\/users\/8"}],"replies":[{"embeddable":true,"href":"https:\/\/onelegal.pt\/pt-pt\/wp-json\/wp\/v2\/comments?post=6852"}],"version-history":[{"count":5,"href":"https:\/\/onelegal.pt\/pt-pt\/wp-json\/wp\/v2\/posts\/6852\/revisions"}],"predecessor-version":[{"id":6861,"href":"https:\/\/onelegal.pt\/pt-pt\/wp-json\/wp\/v2\/posts\/6852\/revisions\/6861"}],"wp:featuredmedia":[{"embeddable":true,"href":"https:\/\/onelegal.pt\/pt-pt\/wp-json\/wp\/v2\/media\/6855"}],"wp:attachment":[{"href":"https:\/\/onelegal.pt\/pt-pt\/wp-json\/wp\/v2\/media?parent=6852"}],"wp:term":[{"taxonomy":"category","embeddable":true,"href":"https:\/\/onelegal.pt\/pt-pt\/wp-json\/wp\/v2\/categories?post=6852"},{"taxonomy":"post_tag","embeddable":true,"href":"https:\/\/onelegal.pt\/pt-pt\/wp-json\/wp\/v2\/tags?post=6852"}],"curies":[{"name":"wp","href":"https:\/\/api.w.org\/{rel}","templated":true}]}}