{"id":6201,"date":"2023-02-02T08:27:31","date_gmt":"2023-02-02T08:27:31","guid":{"rendered":"https:\/\/onelegal.pt\/?p=6201"},"modified":"2023-02-02T08:28:55","modified_gmt":"2023-02-02T08:28:55","slug":"concessao-do-servico-publico-de-transporte-aereo-regular-interno-de-passageiros-carga-e-correio","status":"publish","type":"post","link":"https:\/\/onelegal.pt\/pt-pt\/blog-pt-pt\/concessao-do-servico-publico-de-transporte-aereo-regular-interno-de-passageiros-carga-e-correio\/","title":{"rendered":"<strong>Concess\u00e3o do Servi\u00e7o P\u00fablico de Transporte A\u00e9reo Regular Interno de Passageiros, Carga e Correio<\/strong>"},"content":{"rendered":"\t\t<div data-elementor-type=\"wp-post\" data-elementor-id=\"6201\" class=\"elementor elementor-6201\" data-elementor-post-type=\"post\">\n\t\t\t\t\t\t<section class=\"elementor-section elementor-top-section elementor-element elementor-element-50804ee elementor-section-boxed elementor-section-height-default elementor-section-height-default\" data-id=\"50804ee\" data-element_type=\"section\">\n\t\t\t\t\t\t<div class=\"elementor-container elementor-column-gap-default\">\n\t\t\t\t\t<div class=\"elementor-column elementor-col-100 elementor-top-column elementor-element elementor-element-d9f8f5e\" data-id=\"d9f8f5e\" data-element_type=\"column\">\n\t\t\t<div class=\"elementor-widget-wrap elementor-element-populated\">\n\t\t\t\t\t\t<div class=\"elementor-element elementor-element-516be33 videofoto elementor-skin-carousel elementor-widget elementor-widget-media-carousel\" data-id=\"516be33\" data-element_type=\"widget\" data-settings=\"{&quot;slides_per_view&quot;:&quot;1&quot;,&quot;skin&quot;:&quot;carousel&quot;,&quot;effect&quot;:&quot;slide&quot;,&quot;speed&quot;:500,&quot;autoplay&quot;:&quot;yes&quot;,&quot;autoplay_speed&quot;:5000,&quot;loop&quot;:&quot;yes&quot;,&quot;pause_on_hover&quot;:&quot;yes&quot;,&quot;pause_on_interaction&quot;:&quot;yes&quot;,&quot;space_between&quot;:{&quot;unit&quot;:&quot;px&quot;,&quot;size&quot;:10,&quot;sizes&quot;:[]},&quot;space_between_tablet&quot;:{&quot;unit&quot;:&quot;px&quot;,&quot;size&quot;:10,&quot;sizes&quot;:[]},&quot;space_between_mobile&quot;:{&quot;unit&quot;:&quot;px&quot;,&quot;size&quot;:10,&quot;sizes&quot;:[]}}\" data-widget_type=\"media-carousel.default\">\n\t\t\t\t<div class=\"elementor-widget-container\">\n\t\t\t<link rel=\"stylesheet\" href=\"https:\/\/onelegal.pt\/wp-content\/plugins\/pro-elements\/assets\/css\/widget-carousel.min.css\">\t\t<div class=\"elementor-swiper\">\n\t\t\t<div class=\"elementor-main-swiper swiper\">\n\t\t\t\t<div class=\"swiper-wrapper\">\n\t\t\t\t\t\t\t\t\t\t\t<div class=\"swiper-slide\">\n\t\t\t\t\t\t\t<a href=\"https:\/\/onelegal.pt\/wp-content\/uploads\/2023\/02\/BLOG-02-fevereiro-PT.jpg\" data-elementor-open-lightbox=\"yes\" data-elementor-lightbox-slideshow=\"516be33\" data-elementor-lightbox-title=\"BLOG 02 fevereiro-PT\" data-e-action-hash=\"#elementor-action%3Aaction%3Dlightbox%26settings%3DeyJpZCI6NjIwMiwidXJsIjoiaHR0cHM6XC9cL29uZWxlZ2FsLnB0XC93cC1jb250ZW50XC91cGxvYWRzXC8yMDIzXC8wMlwvQkxPRy0wMi1mZXZlcmVpcm8tUFQuanBnIiwic2xpZGVzaG93IjoiNTE2YmUzMyJ9\" data-elementor-lightbox-video=\"\">\t\t<div class=\"elementor-carousel-image\" role=\"img\" aria-label=\"BLOG 02 fevereiro-PT\" style=\"background-image: url(&#039;https:\/\/onelegal.pt\/wp-content\/uploads\/2023\/02\/BLOG-02-fevereiro-PT.jpg&#039;)\">\n\n\t\t\t\n\t\t\t\t\t\t\t<div class=\"elementor-custom-embed-play\">\n\t\t\t\t\t<i aria-hidden=\"true\" class=\"eicon-play\"><\/i>\t\t\t\t\t<span class=\"elementor-screen-only\">Play<\/span>\n\t\t\t\t<\/div>\n\t\t\t\t\t<\/div>\n\t\t<\/a>\t\t\t\t\t\t<\/div>\n\t\t\t\t\t\t\t\t\t<\/div>\n\t\t\t\t\t\t\t<\/div>\n\t\t<\/div>\n\t\t\t\t<\/div>\n\t\t\t\t<\/div>\n\t\t\t\t<div class=\"elementor-element elementor-element-1764073 bt-links esq elementor-widget elementor-widget-button\" data-id=\"1764073\" data-element_type=\"widget\" data-widget_type=\"button.default\">\n\t\t\t\t<div class=\"elementor-widget-container\">\n\t\t\t\t\t<div class=\"elementor-button-wrapper\">\n\t\t\t<a class=\"elementor-button elementor-button-link elementor-size-md\" href=\"https:\/\/onelegal.pt\/blog\/\">\n\t\t\t\t\t\t<span class=\"elementor-button-content-wrapper\">\n\t\t\t\t\t\t\t\t\t<span class=\"elementor-button-text\"><div class=\"ic-arrow\"><\/div>Other Posts<\/span>\n\t\t\t\t\t<\/span>\n\t\t\t\t\t<\/a>\n\t\t<\/div>\n\t\t\t\t<\/div>\n\t\t\t\t<\/div>\n\t\t\t\t\t<\/div>\n\t\t<\/div>\n\t\t\t\t\t<\/div>\n\t\t<\/section>\n\t\t\t\t<section class=\"elementor-section elementor-top-section elementor-element elementor-element-5781a55 elementor-section-boxed elementor-section-height-default elementor-section-height-default\" data-id=\"5781a55\" data-element_type=\"section\">\n\t\t\t\t\t\t<div class=\"elementor-container elementor-column-gap-default\">\n\t\t\t\t\t<div class=\"elementor-column elementor-col-100 elementor-top-column elementor-element elementor-element-b13b9ed\" data-id=\"b13b9ed\" data-element_type=\"column\">\n\t\t\t<div class=\"elementor-widget-wrap elementor-element-populated\">\n\t\t\t\t\t\t<div class=\"elementor-element elementor-element-5b02df7 elementor-widget elementor-widget-heading\" data-id=\"5b02df7\" data-element_type=\"widget\" data-widget_type=\"heading.default\">\n\t\t\t\t<div class=\"elementor-widget-container\">\n\t\t\t<style>\/*! elementor - v3.23.0 - 15-07-2024 *\/\n.elementor-heading-title{padding:0;margin:0;line-height:1}.elementor-widget-heading .elementor-heading-title[class*=elementor-size-]>a{color:inherit;font-size:inherit;line-height:inherit}.elementor-widget-heading .elementor-heading-title.elementor-size-small{font-size:15px}.elementor-widget-heading .elementor-heading-title.elementor-size-medium{font-size:19px}.elementor-widget-heading .elementor-heading-title.elementor-size-large{font-size:29px}.elementor-widget-heading .elementor-heading-title.elementor-size-xl{font-size:39px}.elementor-widget-heading .elementor-heading-title.elementor-size-xxl{font-size:59px}<\/style><h3 class=\"elementor-heading-title elementor-size-default\">02\/02\/2023<\/h3>\t\t<\/div>\n\t\t\t\t<\/div>\n\t\t\t\t<div class=\"elementor-element elementor-element-2e4e4d8 elementor-widget elementor-widget-heading\" data-id=\"2e4e4d8\" data-element_type=\"widget\" data-widget_type=\"heading.default\">\n\t\t\t\t<div class=\"elementor-widget-container\">\n\t\t\t<h2 class=\"elementor-heading-title elementor-size-default\"><strong>Concess\u00e3o do Servi\u00e7o P\u00fablico de Transporte A\u00e9reo Regular Interno de Passageiros, Carga e Correio<\/strong><\/h2>\t\t<\/div>\n\t\t\t\t<\/div>\n\t\t\t\t<div class=\"elementor-element elementor-element-b17eebf elementor-author-box--align-left elementor-author-box--image-valign-middle elementor-author-box--layout-image-left elementor-author-box--avatar-yes elementor-author-box--name-yes elementor-author-box--biography-yes elementor-author-box--link-no elementor-widget elementor-widget-author-box\" data-id=\"b17eebf\" data-element_type=\"widget\" data-widget_type=\"author-box.default\">\n\t\t\t\t<div class=\"elementor-widget-container\">\n\t\t\t<link rel=\"stylesheet\" href=\"https:\/\/onelegal.pt\/wp-content\/plugins\/pro-elements\/assets\/css\/widget-theme-elements.min.css\">\t\t<div class=\"elementor-author-box\">\n\t\t\t\t\t\t\t<div  class=\"elementor-author-box__avatar\">\n\t\t\t\t\t<img decoding=\"async\" src=\"https:\/\/onelegal.pt\/wp-content\/uploads\/2022\/02\/cropped-onelegal-onepeople-65-1-300x300.jpg\" alt=\"Picture of Carla Monteiro\" loading=\"lazy\">\n\t\t\t\t<\/div>\n\t\t\t\n\t\t\t<div class=\"elementor-author-box__text\">\n\t\t\t\t\t\t\t\t\t<div >\n\t\t\t\t\t\t<span class=\"elementor-author-box__name\">\n\t\t\t\t\t\t\tCarla Monteiro\t\t\t\t\t\t<\/span>\n\t\t\t\t\t<\/div>\n\t\t\t\t\n\t\t\t\t\t\t\t\t\t<div class=\"elementor-author-box__bio\">\n\t\t\t\t\t\t\t\t\t\t\t<\/div>\n\t\t\t\t\n\t\t\t\t\t\t\t<\/div>\n\t\t<\/div>\n\t\t\t\t<\/div>\n\t\t\t\t<\/div>\n\t\t\t\t<div class=\"elementor-element elementor-element-181dd8d elementor-widget elementor-widget-text-editor\" data-id=\"181dd8d\" data-element_type=\"widget\" data-widget_type=\"text-editor.default\">\n\t\t\t\t<div class=\"elementor-widget-container\">\n\t\t\t<style>\/*! elementor - v3.23.0 - 15-07-2024 *\/\n.elementor-widget-text-editor.elementor-drop-cap-view-stacked .elementor-drop-cap{background-color:#69727d;color:#fff}.elementor-widget-text-editor.elementor-drop-cap-view-framed .elementor-drop-cap{color:#69727d;border:3px solid;background-color:transparent}.elementor-widget-text-editor:not(.elementor-drop-cap-view-default) .elementor-drop-cap{margin-top:8px}.elementor-widget-text-editor:not(.elementor-drop-cap-view-default) .elementor-drop-cap-letter{width:1em;height:1em}.elementor-widget-text-editor .elementor-drop-cap{float:left;text-align:center;line-height:1;font-size:50px}.elementor-widget-text-editor .elementor-drop-cap-letter{display:inline-block}<\/style>\t\t\t\t<p>No passado dia 18 de Janeiro de 2023, entrou em vigor o Decreto-Lei n.\u00ba 5\/2023, de 17 de Janeiro, que regula as bases da conce\u00e7\u00e3o do servi\u00e7o p\u00fablico de transporte a\u00e9reo regular interno de passageiros, carga e correio, bem como as bases das obriga\u00e7\u00f5es de servi\u00e7o p\u00fablico.<\/p><p>O referido diploma legal prev\u00ea a possibilidade, mediante concurso e a consequente celebra\u00e7\u00e3o de contrato de concess\u00e3o, de uma ou mais transportadoras a\u00e9reas operarem regularmente em uma rota, em um conjunto ou em todas as rotas internas nacionais, bem como a possibilidade da concess\u00e3o em regime de exclusividade quando o interesse p\u00fablico e\/ou os custos e benef\u00edcios o justificarem.<\/p><p>Todas as transportadoras a\u00e9reas certificadas e validamente licenciadas que operam ou que pretendem operar nas rotas a\u00e9reas internas de Cabo Verde ficam sujeitados ao citado diploma legal.<\/p><p>Mais, nos termos do mesmo diploma legal, \u00e9 regulado um conjunto de aspetos, entre os quais:<\/p><ul><li>A possibilidade de remunera\u00e7\u00e3o da concess\u00e3o, tanto por via de compensa\u00e7\u00e3o financeira \u00e0 concessionaria, ou mediante pagamento de uma renda \u00e0 entidade concedente;<\/li><li>Seguro obrigat\u00f3rio de responsabilidade civil; seguros relativos aos riscos da concess\u00e3o; seguro de responsabilidade civil para cobertura de danos materiais e corporais causados a terceiros; etc.<\/li><\/ul><p>No fim, ao que se refere \u00e0s obriga\u00e7\u00f5es de servi\u00e7o p\u00fablico, o Decreto-Lei em causa prev\u00ea a possibilidade de impor o bloqueio at\u00e9 setenta e duas horas antes da partida do voo, de\/e para Santiago e S\u00e3o Vicente, no m\u00e1ximo de tr\u00eas lugares para o transporte de doentes evacuados por ordem m\u00e9dica.<\/p><p><strong>Concess\u00e3o, Suspens\u00e3o e Revoga\u00e7\u00e3o do Certificado do Investidor Emigrante<\/strong><\/p><p>Entrou em vigor no passado dia 18 de janeiro de 2023, o Decreto-Regulamentar n.\u00ba 1\/2023, de 16 de Janeiro, que regulamenta o procedimento administrativo de concess\u00e3o, suspens\u00e3o e revoga\u00e7\u00e3o do certificado do investidor emigrante.<\/p><p>O referido diploma surge por for\u00e7a do disposto nos n.\u00bas 4 e 6 do art.\u00ba 20 da Lei n.\u00ba 73\/IX\/2020, de 2 de mar\u00e7o, que estabelece as normas que regulam a realiza\u00e7\u00e3o do investimento direto dos emigrantes em Cabo Verde.<\/p><p>De acordo com o Decreto-Regulamentar acima referenciado, compete ao servi\u00e7o respons\u00e1vel pela execu\u00e7\u00e3o das pol\u00edticas do Governo, relativas as comunidades cabo-verdianas estabelecidas no exterior, a emiss\u00e3o do certificado do investidor emigrante.<\/p><p>Valendo real\u00e7ar que, caso o investidor emigrante deixar de reunir os requisitos para a obten\u00e7\u00e3o do estatuto de investidor emigrante, este mesmo servi\u00e7o pode suspender o certificado at\u00e9 que as causas que geraram essa suspens\u00e3o sejam resolvidas.<\/p><p>Alem disso, o citado Decreto-Regulamentar disp\u00f5e como uma das causas de revoga\u00e7\u00e3o do certificado a informa\u00e7\u00e3o err\u00f3nea ou falsa prestada no momento da submiss\u00e3o do pedido do certificado.<\/p><p>Ademais, nos termos do mesmo diploma legal, o referido certificado \u00e9 v\u00e1lido por um per\u00edodo de cinco (5) anos, renov\u00e1vel por per\u00edodo igual, caso o portador reunir, ainda, os requisitos necess\u00e1rios para essa renova\u00e7\u00e3o.<\/p><p>Por fim, o diploma supramencionado aprova o modelo de certificado do investidor emigrante.<\/p><p><strong>Carla Monteiro, OneLegal Partner<\/strong><\/p>\t\t\t\t\t\t<\/div>\n\t\t\t\t<\/div>\n\t\t\t\t<div class=\"elementor-element elementor-element-fda516d elementor-hidden-desktop elementor-hidden-tablet elementor-hidden-mobile elementor-widget elementor-widget-video\" data-id=\"fda516d\" data-element_type=\"widget\" data-settings=\"{&quot;youtube_url&quot;:&quot;https:\\\/\\\/www.youtube.com\\\/watch?v=CoVvvnT6cEE&amp;ab_channel=Sanzza-Ag%C3%AAnciadeMarketingDigital%2CCria%C3%A7%C3%A3odeWebsiteseDesignGr%C3%A1fico&quot;,&quot;video_type&quot;:&quot;youtube&quot;,&quot;controls&quot;:&quot;yes&quot;}\" data-widget_type=\"video.default\">\n\t\t\t\t<div class=\"elementor-widget-container\">\n\t\t\t<style>\/*! elementor - v3.23.0 - 15-07-2024 *\/\n.elementor-widget-video .elementor-widget-container{overflow:hidden;transform:translateZ(0)}.elementor-widget-video .elementor-wrapper{aspect-ratio:var(--video-aspect-ratio)}.elementor-widget-video .elementor-wrapper iframe,.elementor-widget-video .elementor-wrapper video{height:100%;width:100%;display:flex;border:none;background-color:#000}@supports not (aspect-ratio:1\/1){.elementor-widget-video .elementor-wrapper{position:relative;overflow:hidden;height:0;padding-bottom:calc(100% \/ var(--video-aspect-ratio))}.elementor-widget-video .elementor-wrapper iframe,.elementor-widget-video .elementor-wrapper video{position:absolute;top:0;right:0;bottom:0;left:0}}.elementor-widget-video .elementor-open-inline .elementor-custom-embed-image-overlay{position:absolute;top:0;right:0;bottom:0;left:0;background-size:cover;background-position:50%}.elementor-widget-video .elementor-custom-embed-image-overlay{cursor:pointer;text-align:center}.elementor-widget-video .elementor-custom-embed-image-overlay:hover .elementor-custom-embed-play i{opacity:1}.elementor-widget-video .elementor-custom-embed-image-overlay img{display:block;width:100%;aspect-ratio:var(--video-aspect-ratio);-o-object-fit:cover;object-fit:cover;-o-object-position:center center;object-position:center center}@supports not (aspect-ratio:1\/1){.elementor-widget-video .elementor-custom-embed-image-overlay{position:relative;overflow:hidden;height:0;padding-bottom:calc(100% \/ var(--video-aspect-ratio))}.elementor-widget-video .elementor-custom-embed-image-overlay img{position:absolute;top:0;right:0;bottom:0;left:0}}.elementor-widget-video .e-hosted-video .elementor-video{-o-object-fit:cover;object-fit:cover}.e-con-inner>.elementor-widget-video,.e-con>.elementor-widget-video{width:var(--container-widget-width);--flex-grow:var(--container-widget-flex-grow)}<\/style>\t\t<div class=\"elementor-wrapper elementor-open-inline\">\n\t\t\t<div class=\"elementor-video\"><\/div>\t\t<\/div>\n\t\t\t\t<\/div>\n\t\t\t\t<\/div>\n\t\t\t\t<div class=\"elementor-element elementor-element-b231f4c elementor-widget elementor-widget-heading\" data-id=\"b231f4c\" data-element_type=\"widget\" data-widget_type=\"heading.default\">\n\t\t\t\t<div class=\"elementor-widget-container\">\n\t\t\t<h3 class=\"elementor-heading-title elementor-size-default\">SHARE<\/h3>\t\t<\/div>\n\t\t\t\t<\/div>\n\t\t\t\t<div class=\"elementor-element elementor-element-a8440de elementor-share-buttons--view-icon elementor-share-buttons--skin-minimal elementor-share-buttons--shape-circle elementor-share-buttons--color-custom elementor-grid-0 elementor-widget elementor-widget-share-buttons\" data-id=\"a8440de\" data-element_type=\"widget\" data-widget_type=\"share-buttons.default\">\n\t\t\t\t<div class=\"elementor-widget-container\">\n\t\t\t<link rel=\"stylesheet\" href=\"https:\/\/onelegal.pt\/wp-content\/plugins\/pro-elements\/assets\/css\/widget-share-buttons.min.css\">\t\t<div class=\"elementor-grid\">\n\t\t\t\t\t\t\t\t<div class=\"elementor-grid-item\">\n\t\t\t\t\t\t<div\n\t\t\t\t\t\t\tclass=\"elementor-share-btn elementor-share-btn_facebook\"\n\t\t\t\t\t\t\trole=\"button\"\n\t\t\t\t\t\t\ttabindex=\"0\"\n\t\t\t\t\t\t\taria-label=\"Share on facebook\"\n\t\t\t\t\t\t>\n\t\t\t\t\t\t\t\t\t\t\t\t\t\t\t<span class=\"elementor-share-btn__icon\">\n\t\t\t\t\t\t\t\t<i class=\"fab fa-facebook\" aria-hidden=\"true\"><\/i>\t\t\t\t\t\t\t<\/span>\n\t\t\t\t\t\t\t\t\t\t\t\t\t\t\t\t\t\t\t\t<\/div>\n\t\t\t\t\t<\/div>\n\t\t\t\t\t\t\t\t\t<div class=\"elementor-grid-item\">\n\t\t\t\t\t\t<div\n\t\t\t\t\t\t\tclass=\"elementor-share-btn elementor-share-btn_twitter\"\n\t\t\t\t\t\t\trole=\"button\"\n\t\t\t\t\t\t\ttabindex=\"0\"\n\t\t\t\t\t\t\taria-label=\"Share on twitter\"\n\t\t\t\t\t\t>\n\t\t\t\t\t\t\t\t\t\t\t\t\t\t\t<span class=\"elementor-share-btn__icon\">\n\t\t\t\t\t\t\t\t<i class=\"fab fa-twitter\" aria-hidden=\"true\"><\/i>\t\t\t\t\t\t\t<\/span>\n\t\t\t\t\t\t\t\t\t\t\t\t\t\t\t\t\t\t\t\t<\/div>\n\t\t\t\t\t<\/div>\n\t\t\t\t\t\t\t\t\t<div class=\"elementor-grid-item\">\n\t\t\t\t\t\t<div\n\t\t\t\t\t\t\tclass=\"elementor-share-btn elementor-share-btn_linkedin\"\n\t\t\t\t\t\t\trole=\"button\"\n\t\t\t\t\t\t\ttabindex=\"0\"\n\t\t\t\t\t\t\taria-label=\"Share on linkedin\"\n\t\t\t\t\t\t>\n\t\t\t\t\t\t\t\t\t\t\t\t\t\t\t<span class=\"elementor-share-btn__icon\">\n\t\t\t\t\t\t\t\t<i class=\"fab fa-linkedin\" aria-hidden=\"true\"><\/i>\t\t\t\t\t\t\t<\/span>\n\t\t\t\t\t\t\t\t\t\t\t\t\t\t\t\t\t\t\t\t<\/div>\n\t\t\t\t\t<\/div>\n\t\t\t\t\t\t\t\t\t<div class=\"elementor-grid-item\">\n\t\t\t\t\t\t<div\n\t\t\t\t\t\t\tclass=\"elementor-share-btn elementor-share-btn_whatsapp\"\n\t\t\t\t\t\t\trole=\"button\"\n\t\t\t\t\t\t\ttabindex=\"0\"\n\t\t\t\t\t\t\taria-label=\"Share on whatsapp\"\n\t\t\t\t\t\t>\n\t\t\t\t\t\t\t\t\t\t\t\t\t\t\t<span class=\"elementor-share-btn__icon\">\n\t\t\t\t\t\t\t\t<i class=\"fab fa-whatsapp\" aria-hidden=\"true\"><\/i>\t\t\t\t\t\t\t<\/span>\n\t\t\t\t\t\t\t\t\t\t\t\t\t\t\t\t\t\t\t\t<\/div>\n\t\t\t\t\t<\/div>\n\t\t\t\t\t\t<\/div>\n\t\t\t\t<\/div>\n\t\t\t\t<\/div>\n\t\t\t\t\t<\/div>\n\t\t<\/div>\n\t\t\t\t\t<\/div>\n\t\t<\/section>\n\t\t\t\t<\/div>\n\t\t","protected":false},"excerpt":{"rendered":"<p>Play Other Posts No passado dia 18 de Janeiro de 2023, entrou em vigor o Decreto-Lei n.\u00ba 5\/2023, de 17 de Janeiro, que regula as bases da conce\u00e7\u00e3o do servi\u00e7o p\u00fablico de transporte a\u00e9reo regular interno de passageiros, carga e correio, bem como as bases das obriga\u00e7\u00f5es de servi\u00e7o p\u00fablico. O referido diploma legal prev\u00ea [&hellip;]<\/p>\n","protected":false},"author":11,"featured_media":6202,"comment_status":"open","ping_status":"closed","sticky":false,"template":"elementor_header_footer","format":"standard","meta":{"footnotes":""},"categories":[39,67],"tags":[],"class_list":["post-6201","post","type-post","status-publish","format-standard","has-post-thumbnail","hentry","category-blog-pt-pt","category-novidades"],"yoast_head":"<!-- This site is optimized with the Yoast SEO plugin v23.0 - https:\/\/yoast.com\/wordpress\/plugins\/seo\/ -->\n<title>Concess\u00e3o do Servi\u00e7o P\u00fablico de Transporte A\u00e9reo Regular Interno de Passageiros, Carga e Correio - OneLegal<\/title>\n<meta name=\"robots\" content=\"index, follow, max-snippet:-1, max-image-preview:large, max-video-preview:-1\" \/>\n<link rel=\"canonical\" href=\"https:\/\/onelegal.pt\/pt-pt\/blog-pt-pt\/concessao-do-servico-publico-de-transporte-aereo-regular-interno-de-passageiros-carga-e-correio\/\" \/>\n<meta property=\"og:locale\" content=\"pt_PT\" \/>\n<meta property=\"og:type\" content=\"article\" \/>\n<meta property=\"og:title\" content=\"Concess\u00e3o do Servi\u00e7o P\u00fablico de Transporte A\u00e9reo Regular Interno de Passageiros, Carga e Correio - OneLegal\" \/>\n<meta property=\"og:description\" content=\"Play Other Posts No passado dia 18 de Janeiro de 2023, entrou em vigor o Decreto-Lei n.\u00ba 5\/2023, de 17 de Janeiro, que regula as bases da conce\u00e7\u00e3o do servi\u00e7o p\u00fablico de transporte a\u00e9reo regular interno de passageiros, carga e correio, bem como as bases das obriga\u00e7\u00f5es de servi\u00e7o p\u00fablico. O referido diploma legal prev\u00ea [&hellip;]\" \/>\n<meta property=\"og:url\" content=\"https:\/\/onelegal.pt\/pt-pt\/blog-pt-pt\/concessao-do-servico-publico-de-transporte-aereo-regular-interno-de-passageiros-carga-e-correio\/\" \/>\n<meta property=\"og:site_name\" content=\"OneLegal\" \/>\n<meta property=\"article:publisher\" content=\"https:\/\/www.facebook.com\/onelegal.oficial\" \/>\n<meta property=\"article:published_time\" content=\"2023-02-02T08:27:31+00:00\" \/>\n<meta property=\"article:modified_time\" content=\"2023-02-02T08:28:55+00:00\" \/>\n<meta property=\"og:image\" content=\"https:\/\/onelegal.pt\/wp-content\/uploads\/2023\/02\/BLOG-02-fevereiro-PT.jpg\" \/>\n\t<meta property=\"og:image:width\" content=\"1200\" \/>\n\t<meta property=\"og:image:height\" content=\"400\" \/>\n\t<meta property=\"og:image:type\" content=\"image\/jpeg\" \/>\n<meta name=\"author\" content=\"Carla Monteiro\" \/>\n<meta name=\"twitter:card\" content=\"summary_large_image\" \/>\n<meta name=\"twitter:label1\" content=\"Escrito por\" \/>\n\t<meta name=\"twitter:data1\" content=\"Carla Monteiro\" \/>\n\t<meta name=\"twitter:label2\" content=\"Tempo estimado de leitura\" \/>\n\t<meta name=\"twitter:data2\" content=\"3 minutos\" \/>\n<script type=\"application\/ld+json\" class=\"yoast-schema-graph\">{\"@context\":\"https:\/\/schema.org\",\"@graph\":[{\"@type\":\"Article\",\"@id\":\"https:\/\/onelegal.pt\/pt-pt\/blog-pt-pt\/concessao-do-servico-publico-de-transporte-aereo-regular-interno-de-passageiros-carga-e-correio\/#article\",\"isPartOf\":{\"@id\":\"https:\/\/onelegal.pt\/pt-pt\/blog-pt-pt\/concessao-do-servico-publico-de-transporte-aereo-regular-interno-de-passageiros-carga-e-correio\/\"},\"author\":{\"name\":\"Carla Monteiro\",\"@id\":\"https:\/\/onelegal.pt\/pt-pt\/#\/schema\/person\/e8813e3b6be41a574e496766886d38d0\"},\"headline\":\"Concess\u00e3o do Servi\u00e7o P\u00fablico de Transporte A\u00e9reo Regular Interno de Passageiros, Carga e Correio\",\"datePublished\":\"2023-02-02T08:27:31+00:00\",\"dateModified\":\"2023-02-02T08:28:55+00:00\",\"mainEntityOfPage\":{\"@id\":\"https:\/\/onelegal.pt\/pt-pt\/blog-pt-pt\/concessao-do-servico-publico-de-transporte-aereo-regular-interno-de-passageiros-carga-e-correio\/\"},\"wordCount\":566,\"commentCount\":0,\"publisher\":{\"@id\":\"https:\/\/onelegal.pt\/pt-pt\/#organization\"},\"image\":{\"@id\":\"https:\/\/onelegal.pt\/pt-pt\/blog-pt-pt\/concessao-do-servico-publico-de-transporte-aereo-regular-interno-de-passageiros-carga-e-correio\/#primaryimage\"},\"thumbnailUrl\":\"https:\/\/onelegal.pt\/wp-content\/uploads\/2023\/02\/BLOG-02-fevereiro-PT.jpg\",\"articleSection\":[\"Blog\",\"Novidades\"],\"inLanguage\":\"pt-PT\",\"potentialAction\":[{\"@type\":\"CommentAction\",\"name\":\"Comment\",\"target\":[\"https:\/\/onelegal.pt\/pt-pt\/blog-pt-pt\/concessao-do-servico-publico-de-transporte-aereo-regular-interno-de-passageiros-carga-e-correio\/#respond\"]}]},{\"@type\":\"WebPage\",\"@id\":\"https:\/\/onelegal.pt\/pt-pt\/blog-pt-pt\/concessao-do-servico-publico-de-transporte-aereo-regular-interno-de-passageiros-carga-e-correio\/\",\"url\":\"https:\/\/onelegal.pt\/pt-pt\/blog-pt-pt\/concessao-do-servico-publico-de-transporte-aereo-regular-interno-de-passageiros-carga-e-correio\/\",\"name\":\"Concess\u00e3o do Servi\u00e7o P\u00fablico de Transporte A\u00e9reo Regular Interno de Passageiros, Carga e Correio - OneLegal\",\"isPartOf\":{\"@id\":\"https:\/\/onelegal.pt\/pt-pt\/#website\"},\"primaryImageOfPage\":{\"@id\":\"https:\/\/onelegal.pt\/pt-pt\/blog-pt-pt\/concessao-do-servico-publico-de-transporte-aereo-regular-interno-de-passageiros-carga-e-correio\/#primaryimage\"},\"image\":{\"@id\":\"https:\/\/onelegal.pt\/pt-pt\/blog-pt-pt\/concessao-do-servico-publico-de-transporte-aereo-regular-interno-de-passageiros-carga-e-correio\/#primaryimage\"},\"thumbnailUrl\":\"https:\/\/onelegal.pt\/wp-content\/uploads\/2023\/02\/BLOG-02-fevereiro-PT.jpg\",\"datePublished\":\"2023-02-02T08:27:31+00:00\",\"dateModified\":\"2023-02-02T08:28:55+00:00\",\"breadcrumb\":{\"@id\":\"https:\/\/onelegal.pt\/pt-pt\/blog-pt-pt\/concessao-do-servico-publico-de-transporte-aereo-regular-interno-de-passageiros-carga-e-correio\/#breadcrumb\"},\"inLanguage\":\"pt-PT\",\"potentialAction\":[{\"@type\":\"ReadAction\",\"target\":[\"https:\/\/onelegal.pt\/pt-pt\/blog-pt-pt\/concessao-do-servico-publico-de-transporte-aereo-regular-interno-de-passageiros-carga-e-correio\/\"]}]},{\"@type\":\"ImageObject\",\"inLanguage\":\"pt-PT\",\"@id\":\"https:\/\/onelegal.pt\/pt-pt\/blog-pt-pt\/concessao-do-servico-publico-de-transporte-aereo-regular-interno-de-passageiros-carga-e-correio\/#primaryimage\",\"url\":\"https:\/\/onelegal.pt\/wp-content\/uploads\/2023\/02\/BLOG-02-fevereiro-PT.jpg\",\"contentUrl\":\"https:\/\/onelegal.pt\/wp-content\/uploads\/2023\/02\/BLOG-02-fevereiro-PT.jpg\",\"width\":1200,\"height\":400},{\"@type\":\"BreadcrumbList\",\"@id\":\"https:\/\/onelegal.pt\/pt-pt\/blog-pt-pt\/concessao-do-servico-publico-de-transporte-aereo-regular-interno-de-passageiros-carga-e-correio\/#breadcrumb\",\"itemListElement\":[{\"@type\":\"ListItem\",\"position\":1,\"name\":\"In\u00edcio\",\"item\":\"https:\/\/onelegal.pt\/pt-pt\/\"},{\"@type\":\"ListItem\",\"position\":2,\"name\":\"Concess\u00e3o do Servi\u00e7o P\u00fablico de Transporte A\u00e9reo Regular Interno de Passageiros, Carga e Correio\"}]},{\"@type\":\"WebSite\",\"@id\":\"https:\/\/onelegal.pt\/pt-pt\/#website\",\"url\":\"https:\/\/onelegal.pt\/pt-pt\/\",\"name\":\"OneLegal\",\"description\":\"\",\"publisher\":{\"@id\":\"https:\/\/onelegal.pt\/pt-pt\/#organization\"},\"potentialAction\":[{\"@type\":\"SearchAction\",\"target\":{\"@type\":\"EntryPoint\",\"urlTemplate\":\"https:\/\/onelegal.pt\/pt-pt\/?s={search_term_string}\"},\"query-input\":\"required name=search_term_string\"}],\"inLanguage\":\"pt-PT\"},{\"@type\":\"Organization\",\"@id\":\"https:\/\/onelegal.pt\/pt-pt\/#organization\",\"name\":\"One Legal\",\"url\":\"https:\/\/onelegal.pt\/pt-pt\/\",\"logo\":{\"@type\":\"ImageObject\",\"inLanguage\":\"pt-PT\",\"@id\":\"https:\/\/onelegal.pt\/pt-pt\/#\/schema\/logo\/image\/\",\"url\":\"https:\/\/onelegal.pt\/wp-content\/uploads\/2022\/01\/Prancheta-2.svg\",\"contentUrl\":\"https:\/\/onelegal.pt\/wp-content\/uploads\/2022\/01\/Prancheta-2.svg\",\"width\":1,\"height\":1,\"caption\":\"One Legal\"},\"image\":{\"@id\":\"https:\/\/onelegal.pt\/pt-pt\/#\/schema\/logo\/image\/\"},\"sameAs\":[\"https:\/\/www.facebook.com\/onelegal.oficial\",\"https:\/\/www.youtube.com\/channel\/UC8K-CmwBq5T8cXxAOLswV7Q\",\"https:\/\/www.linkedin.com\/company\/onelegaloficial\/\"]},{\"@type\":\"Person\",\"@id\":\"https:\/\/onelegal.pt\/pt-pt\/#\/schema\/person\/e8813e3b6be41a574e496766886d38d0\",\"name\":\"Carla Monteiro\",\"image\":{\"@type\":\"ImageObject\",\"inLanguage\":\"pt-PT\",\"@id\":\"https:\/\/onelegal.pt\/pt-pt\/#\/schema\/person\/image\/\",\"url\":\"https:\/\/onelegal.pt\/wp-content\/uploads\/2022\/02\/cropped-onelegal-onepeople-65-1-96x96.jpg\",\"contentUrl\":\"https:\/\/onelegal.pt\/wp-content\/uploads\/2022\/02\/cropped-onelegal-onepeople-65-1-96x96.jpg\",\"caption\":\"Carla Monteiro\"},\"url\":\"https:\/\/onelegal.pt\/pt-pt\/author\/carla-monteiro\/\"}]}<\/script>\n<!-- \/ Yoast SEO plugin. -->","yoast_head_json":{"title":"Concess\u00e3o do Servi\u00e7o P\u00fablico de Transporte A\u00e9reo Regular Interno de Passageiros, Carga e Correio - OneLegal","robots":{"index":"index","follow":"follow","max-snippet":"max-snippet:-1","max-image-preview":"max-image-preview:large","max-video-preview":"max-video-preview:-1"},"canonical":"https:\/\/onelegal.pt\/pt-pt\/blog-pt-pt\/concessao-do-servico-publico-de-transporte-aereo-regular-interno-de-passageiros-carga-e-correio\/","og_locale":"pt_PT","og_type":"article","og_title":"Concess\u00e3o do Servi\u00e7o P\u00fablico de Transporte A\u00e9reo Regular Interno de Passageiros, Carga e Correio - OneLegal","og_description":"Play Other Posts No passado dia 18 de Janeiro de 2023, entrou em vigor o Decreto-Lei n.\u00ba 5\/2023, de 17 de Janeiro, que regula as bases da conce\u00e7\u00e3o do servi\u00e7o p\u00fablico de transporte a\u00e9reo regular interno de passageiros, carga e correio, bem como as bases das obriga\u00e7\u00f5es de servi\u00e7o p\u00fablico. O referido diploma legal prev\u00ea [&hellip;]","og_url":"https:\/\/onelegal.pt\/pt-pt\/blog-pt-pt\/concessao-do-servico-publico-de-transporte-aereo-regular-interno-de-passageiros-carga-e-correio\/","og_site_name":"OneLegal","article_publisher":"https:\/\/www.facebook.com\/onelegal.oficial","article_published_time":"2023-02-02T08:27:31+00:00","article_modified_time":"2023-02-02T08:28:55+00:00","og_image":[{"width":1200,"height":400,"url":"https:\/\/onelegal.pt\/wp-content\/uploads\/2023\/02\/BLOG-02-fevereiro-PT.jpg","type":"image\/jpeg"}],"author":"Carla Monteiro","twitter_card":"summary_large_image","twitter_misc":{"Escrito por":"Carla Monteiro","Tempo estimado de leitura":"3 minutos"},"schema":{"@context":"https:\/\/schema.org","@graph":[{"@type":"Article","@id":"https:\/\/onelegal.pt\/pt-pt\/blog-pt-pt\/concessao-do-servico-publico-de-transporte-aereo-regular-interno-de-passageiros-carga-e-correio\/#article","isPartOf":{"@id":"https:\/\/onelegal.pt\/pt-pt\/blog-pt-pt\/concessao-do-servico-publico-de-transporte-aereo-regular-interno-de-passageiros-carga-e-correio\/"},"author":{"name":"Carla Monteiro","@id":"https:\/\/onelegal.pt\/pt-pt\/#\/schema\/person\/e8813e3b6be41a574e496766886d38d0"},"headline":"Concess\u00e3o do Servi\u00e7o P\u00fablico de Transporte A\u00e9reo Regular Interno de Passageiros, Carga e Correio","datePublished":"2023-02-02T08:27:31+00:00","dateModified":"2023-02-02T08:28:55+00:00","mainEntityOfPage":{"@id":"https:\/\/onelegal.pt\/pt-pt\/blog-pt-pt\/concessao-do-servico-publico-de-transporte-aereo-regular-interno-de-passageiros-carga-e-correio\/"},"wordCount":566,"commentCount":0,"publisher":{"@id":"https:\/\/onelegal.pt\/pt-pt\/#organization"},"image":{"@id":"https:\/\/onelegal.pt\/pt-pt\/blog-pt-pt\/concessao-do-servico-publico-de-transporte-aereo-regular-interno-de-passageiros-carga-e-correio\/#primaryimage"},"thumbnailUrl":"https:\/\/onelegal.pt\/wp-content\/uploads\/2023\/02\/BLOG-02-fevereiro-PT.jpg","articleSection":["Blog","Novidades"],"inLanguage":"pt-PT","potentialAction":[{"@type":"CommentAction","name":"Comment","target":["https:\/\/onelegal.pt\/pt-pt\/blog-pt-pt\/concessao-do-servico-publico-de-transporte-aereo-regular-interno-de-passageiros-carga-e-correio\/#respond"]}]},{"@type":"WebPage","@id":"https:\/\/onelegal.pt\/pt-pt\/blog-pt-pt\/concessao-do-servico-publico-de-transporte-aereo-regular-interno-de-passageiros-carga-e-correio\/","url":"https:\/\/onelegal.pt\/pt-pt\/blog-pt-pt\/concessao-do-servico-publico-de-transporte-aereo-regular-interno-de-passageiros-carga-e-correio\/","name":"Concess\u00e3o do Servi\u00e7o P\u00fablico de Transporte A\u00e9reo Regular Interno de Passageiros, Carga e Correio - OneLegal","isPartOf":{"@id":"https:\/\/onelegal.pt\/pt-pt\/#website"},"primaryImageOfPage":{"@id":"https:\/\/onelegal.pt\/pt-pt\/blog-pt-pt\/concessao-do-servico-publico-de-transporte-aereo-regular-interno-de-passageiros-carga-e-correio\/#primaryimage"},"image":{"@id":"https:\/\/onelegal.pt\/pt-pt\/blog-pt-pt\/concessao-do-servico-publico-de-transporte-aereo-regular-interno-de-passageiros-carga-e-correio\/#primaryimage"},"thumbnailUrl":"https:\/\/onelegal.pt\/wp-content\/uploads\/2023\/02\/BLOG-02-fevereiro-PT.jpg","datePublished":"2023-02-02T08:27:31+00:00","dateModified":"2023-02-02T08:28:55+00:00","breadcrumb":{"@id":"https:\/\/onelegal.pt\/pt-pt\/blog-pt-pt\/concessao-do-servico-publico-de-transporte-aereo-regular-interno-de-passageiros-carga-e-correio\/#breadcrumb"},"inLanguage":"pt-PT","potentialAction":[{"@type":"ReadAction","target":["https:\/\/onelegal.pt\/pt-pt\/blog-pt-pt\/concessao-do-servico-publico-de-transporte-aereo-regular-interno-de-passageiros-carga-e-correio\/"]}]},{"@type":"ImageObject","inLanguage":"pt-PT","@id":"https:\/\/onelegal.pt\/pt-pt\/blog-pt-pt\/concessao-do-servico-publico-de-transporte-aereo-regular-interno-de-passageiros-carga-e-correio\/#primaryimage","url":"https:\/\/onelegal.pt\/wp-content\/uploads\/2023\/02\/BLOG-02-fevereiro-PT.jpg","contentUrl":"https:\/\/onelegal.pt\/wp-content\/uploads\/2023\/02\/BLOG-02-fevereiro-PT.jpg","width":1200,"height":400},{"@type":"BreadcrumbList","@id":"https:\/\/onelegal.pt\/pt-pt\/blog-pt-pt\/concessao-do-servico-publico-de-transporte-aereo-regular-interno-de-passageiros-carga-e-correio\/#breadcrumb","itemListElement":[{"@type":"ListItem","position":1,"name":"In\u00edcio","item":"https:\/\/onelegal.pt\/pt-pt\/"},{"@type":"ListItem","position":2,"name":"Concess\u00e3o do Servi\u00e7o P\u00fablico de Transporte A\u00e9reo Regular Interno de Passageiros, Carga e Correio"}]},{"@type":"WebSite","@id":"https:\/\/onelegal.pt\/pt-pt\/#website","url":"https:\/\/onelegal.pt\/pt-pt\/","name":"OneLegal","description":"","publisher":{"@id":"https:\/\/onelegal.pt\/pt-pt\/#organization"},"potentialAction":[{"@type":"SearchAction","target":{"@type":"EntryPoint","urlTemplate":"https:\/\/onelegal.pt\/pt-pt\/?s={search_term_string}"},"query-input":"required name=search_term_string"}],"inLanguage":"pt-PT"},{"@type":"Organization","@id":"https:\/\/onelegal.pt\/pt-pt\/#organization","name":"One Legal","url":"https:\/\/onelegal.pt\/pt-pt\/","logo":{"@type":"ImageObject","inLanguage":"pt-PT","@id":"https:\/\/onelegal.pt\/pt-pt\/#\/schema\/logo\/image\/","url":"https:\/\/onelegal.pt\/wp-content\/uploads\/2022\/01\/Prancheta-2.svg","contentUrl":"https:\/\/onelegal.pt\/wp-content\/uploads\/2022\/01\/Prancheta-2.svg","width":1,"height":1,"caption":"One Legal"},"image":{"@id":"https:\/\/onelegal.pt\/pt-pt\/#\/schema\/logo\/image\/"},"sameAs":["https:\/\/www.facebook.com\/onelegal.oficial","https:\/\/www.youtube.com\/channel\/UC8K-CmwBq5T8cXxAOLswV7Q","https:\/\/www.linkedin.com\/company\/onelegaloficial\/"]},{"@type":"Person","@id":"https:\/\/onelegal.pt\/pt-pt\/#\/schema\/person\/e8813e3b6be41a574e496766886d38d0","name":"Carla Monteiro","image":{"@type":"ImageObject","inLanguage":"pt-PT","@id":"https:\/\/onelegal.pt\/pt-pt\/#\/schema\/person\/image\/","url":"https:\/\/onelegal.pt\/wp-content\/uploads\/2022\/02\/cropped-onelegal-onepeople-65-1-96x96.jpg","contentUrl":"https:\/\/onelegal.pt\/wp-content\/uploads\/2022\/02\/cropped-onelegal-onepeople-65-1-96x96.jpg","caption":"Carla Monteiro"},"url":"https:\/\/onelegal.pt\/pt-pt\/author\/carla-monteiro\/"}]}},"_links":{"self":[{"href":"https:\/\/onelegal.pt\/pt-pt\/wp-json\/wp\/v2\/posts\/6201","targetHints":{"allow":["GET"]}}],"collection":[{"href":"https:\/\/onelegal.pt\/pt-pt\/wp-json\/wp\/v2\/posts"}],"about":[{"href":"https:\/\/onelegal.pt\/pt-pt\/wp-json\/wp\/v2\/types\/post"}],"author":[{"embeddable":true,"href":"https:\/\/onelegal.pt\/pt-pt\/wp-json\/wp\/v2\/users\/11"}],"replies":[{"embeddable":true,"href":"https:\/\/onelegal.pt\/pt-pt\/wp-json\/wp\/v2\/comments?post=6201"}],"version-history":[{"count":0,"href":"https:\/\/onelegal.pt\/pt-pt\/wp-json\/wp\/v2\/posts\/6201\/revisions"}],"wp:featuredmedia":[{"embeddable":true,"href":"https:\/\/onelegal.pt\/pt-pt\/wp-json\/wp\/v2\/media\/6202"}],"wp:attachment":[{"href":"https:\/\/onelegal.pt\/pt-pt\/wp-json\/wp\/v2\/media?parent=6201"}],"wp:term":[{"taxonomy":"category","embeddable":true,"href":"https:\/\/onelegal.pt\/pt-pt\/wp-json\/wp\/v2\/categories?post=6201"},{"taxonomy":"post_tag","embeddable":true,"href":"https:\/\/onelegal.pt\/pt-pt\/wp-json\/wp\/v2\/tags?post=6201"}],"curies":[{"name":"wp","href":"https:\/\/api.w.org\/{rel}","templated":true}]}}